{"id":1163632,"date":"2026-09-02T19:47:18","date_gmt":"2026-09-02T19:47:18","guid":{"rendered":"https:\/\/www.europesays.com\/fr\/1163632\/"},"modified":"2026-09-02T19:47:18","modified_gmt":"2026-09-02T19:47:18","slug":"packard-bell-signe-son-grand-retour-avec-un-dotbook-14-et-sa-gamme-daccessoires-haute-en-couleurs","status":"publish","type":"post","link":"https:\/\/www.europesays.com\/fr\/1163632\/","title":{"rendered":"Packard Bell signe son grand retour avec un DotBook 14 et sa gamme d&rsquo;accessoires haute en couleurs"},"content":{"rendered":"<p class=\"ed__a-p ed__bdy__l\">Dix-huit ans apr\u00e8s son rachat par le groupe Acer, Packard Bell revient sur le march\u00e9 europ\u00e9en. \u00c0 l&rsquo;occasion du salon IFA 2026, la marque d\u00e9voile une refonte compl\u00e8te de son image autour du mot d&rsquo;ordre \u00ab Tech it easy \u00bb. L&rsquo;objectif affich\u00e9 par la direction d&rsquo;Acer consiste \u00e0 proposer des \u00e9quipements adapt\u00e9s aux besoins informatiques de base \u2014 comme \u00e9tudier, travailler ou communiquer \u2014 tout en maintenant des prix contenus.<\/p>\n<p>Un repositionnement ax\u00e9 sur la simplicit\u00e9<\/p>\n<p class=\"ed__a-p ed__bdy__l\">Cette strat\u00e9gie s&rsquo;accompagne d&rsquo;un changement d&rsquo;identit\u00e9 visuelle avec un nouveau logo et quatre coloris bien marqu\u00e9s (orange, violet, vert et jaune). La marque promet d\u2019abandonner le jargon technique pour se concentrer sur l\u2019usage et ainsi cibler les jeunes consommateur.<\/p>\n<p class=\"ed__a-p ed__bdy__l\"><img loading=\"lazy\" decoding=\"async\" src=\"data:image\/svg+xml,%3Csvg xmlns='http:\/\/www.w3.org\/2000\/svg'%3E%3C\/svg%3E\" draggable=\"false\" width=\"4000\" height=\"3000\" class=\"ed__title-xxs\" alt=\"Le DotCombo est un ensemble clavier\/souris faisant furieusement penser au Logitech Pop Keys.\" style=\"background-color: #f2f2f2; aspect-ratio:4000\/3000;\"\/><\/p>\n<p>Le DotCombo est un ensemble clavier\/souris faisant furieusement penser au Logitech Pop Keys.<\/p>\n<p>\u00a9 Les Num\u00e9riques<\/p>\n<\/p>\n<p>DotBook 14 : une fiche technique tourn\u00e9e vers la bureautique<\/p>\n<p class=\"ed__a-p ed__bdy__l\">L&rsquo;\u00e9l\u00e9ment central de cette relance est le DotBook 14, un ordinateur portable de 14,5 pouces con\u00e7u pour la navigation web, la bureautique et le streaming. Ce mod\u00e8le s&rsquo;inscrit dans la lign\u00e9e des netbooks qui ont marqu\u00e9 l&rsquo;histoire du constructeur.<\/p>\n<p class=\"ed__a-p ed__bdy__l\"><img loading=\"lazy\" decoding=\"async\" src=\"data:image\/svg+xml,%3Csvg xmlns='http:\/\/www.w3.org\/2000\/svg'%3E%3C\/svg%3E\" draggable=\"false\" width=\"4000\" height=\"3000\" class=\"ed__title-xxs\" alt=\"Le moins que l'on puisse c'est que c'est chamarr\u00e9, attention aux stickers qui indique les touches et risquent de s'effacer \u00e0 l'usure.\" style=\"background-color: #f2f2f2; aspect-ratio:4000\/3000;\"\/><\/p>\n<p>Le moins que l&rsquo;on puisse c&rsquo;est que c&rsquo;est chamarr\u00e9, attention aux stickers qui indique les touches et risquent de s&rsquo;effacer \u00e0 l&rsquo;usure.<\/p>\n<p>\u00a9 Les Num\u00e9riques<\/p>\n<\/p>\n<p class=\"ed__a-p ed__bdy__l\">C\u00f4t\u00e9 caract\u00e9ristiques puisqu\u2019il faut bien en parler, le DotBook 14 embarque un \u00e9cran IPS au format 16:10 affichant 1920 x 1200 pixels, un bon d\u00e9but puisque la marque \u00e0 fait l\u2019impasse sur la technologie TN avec ses angles de vision limit\u00e9s et ses couleurs d\u00e9lav\u00e9es.<\/p>\n<p class=\"ed__a-p ed__bdy__l\"><img loading=\"lazy\" decoding=\"async\" src=\"data:image\/svg+xml,%3Csvg xmlns='http:\/\/www.w3.org\/2000\/svg'%3E%3C\/svg%3E\" draggable=\"false\" width=\"4000\" height=\"3000\" class=\"ed__title-xxs\" alt=\"Vous ne passerez pas inaper\u00e7u en amphi avec un tel coloris.\" style=\"background-color: #f2f2f2; aspect-ratio:4000\/3000;\"\/><\/p>\n<p>Vous ne passerez pas inaper\u00e7u en amphi avec un tel coloris.<\/p>\n<p>\u00a9 Les Num\u00e9riques<\/p>\n<\/p>\n<p class=\"ed__a-p ed__bdy__l\">Son ch\u00e2ssis mesure 17,9 mm d&rsquo;\u00e9paisseur pour un poids de 1,3 kg. Il prend en charge jusqu&rsquo;\u00e0 16 Go de m\u00e9moire vive DDR4 et dispose d&rsquo;un stockage pouvant atteindre 512 Go. Anim\u00e9 par un processeur Intel Core 3 et Windows 11, Packard Bell annonce une autonomie de 7 heures. Sa connectique regroupe un port USB-C, trois ports USB-A, une sortie HDMI et un lecteur de cartes micro SD, en plus du Wi-Fi et du Bluetooth.<\/p>\n<p>Des accessoires pratiques et une ouverture vers l&rsquo;\u00e9lectrom\u00e9nager<\/p>\n<p class=\"ed__a-p ed__bdy__l\"><img loading=\"lazy\" decoding=\"async\" src=\"data:image\/svg+xml,%3Csvg xmlns='http:\/\/www.w3.org\/2000\/svg'%3E%3C\/svg%3E\" draggable=\"false\" width=\"4000\" height=\"3000\" class=\"ed__title-xxs\" alt=\"DotLook, les lunettes avec haut-parleurs dans les branches et DotLine, le t\u00e9l\u00e9phone 4G.\" style=\"background-color: #f2f2f2; aspect-ratio:4000\/3000;\"\/><\/p>\n<p>DotLook, les lunettes avec haut-parleurs dans les branches et DotLine, le t\u00e9l\u00e9phone 4G.<\/p>\n<p>\u00a9 Les Num\u00e9riques<\/p>\n<\/p>\n<p class=\"ed__a-p ed__bdy__l\">Autour de cet ordinateur, Packard Bell d\u00e9cline plusieurs p\u00e9riph\u00e9riques reprenant les teintes de sa charte graphique. L&rsquo;offre comprend une platine vinyle au format valise (DotLoop \u00e0 149\u20ac), une enceinte d&rsquo;int\u00e9rieur (DotTune \u00e0 34,99\u20ac), un t\u00e9l\u00e9phone 4G (DotLine \u00e0 69\u20ac), des lunettes audio sans \u00e9couteurs (DotLook \u00e0 99\u20ac), une lampe annulaire pour la vid\u00e9o (DotShine \u00e0 39\u20ac), un ensemble clavier-souris (DotCombo \u00e0 39\u20ac) et un casque audio (DotBass \u00e0 29\u20ac).<\/p>\n<p class=\"ed__a-p ed__bdy__l\"><img loading=\"lazy\" decoding=\"async\" src=\"data:image\/svg+xml,%3Csvg xmlns='http:\/\/www.w3.org\/2000\/svg'%3E%3C\/svg%3E\" draggable=\"false\" width=\"4000\" height=\"3000\" class=\"ed__title-xxs\" alt=\"DotBass, le casque Bluetooth et DotTune l'enceinte connect\u00e9e.\" style=\"background-color: #f2f2f2; aspect-ratio:4000\/3000;\"\/><\/p>\n<p>DotBass, le casque Bluetooth et DotTune l&rsquo;enceinte connect\u00e9e.<\/p>\n<p>\u00a9 Les Num\u00e9riques<\/p>\n<\/p>\n<p class=\"ed__a-p ed__bdy__l\">Le constructeur \u00e9largit \u00e9galement son p\u00e9rim\u00e8tre en s&rsquo;associant avec des acteurs tiers. En collaboration avec la jeune pousse Steasy, Packard Bell a pr\u00e9sent\u00e9 un \u201ccuiseur vapeur\u201d servant \u00e0 r\u00e9chauffer ses aliments, une sorte de \u201cgamelle\u201d 2.0 dont on peut programmer l\u2019heure de chauffe via une application et qui sera disponible \u00e0 199 \u20ac.<\/p>\n<p class=\"ed__a-p ed__bdy__l\"><img loading=\"lazy\" decoding=\"async\" src=\"data:image\/svg+xml,%3Csvg xmlns='http:\/\/www.w3.org\/2000\/svg'%3E%3C\/svg%3E\" draggable=\"false\" width=\"4000\" height=\"3000\" class=\"ed__title-xxs\" alt=\"On vous l'accorde, Steasy le r\u00e9chauffeur de lunch c'est plus joli que gamelle 2.0.\" style=\"background-color: #f2f2f2; aspect-ratio:4000\/3000;\"\/><\/p>\n<p>On vous l&rsquo;accorde, Steasy le r\u00e9chauffeur de lunch c&rsquo;est plus joli que gamelle 2.0.<\/p>\n<p>\u00a9 Les Num\u00e9riques<\/p>\n<\/p>\n<p class=\"ed__a-p ed__bdy__l\">La commercialisation du DotBook 14 et du cuiseur connect\u00e9 est pr\u00e9vue pour la fin d\u2019ann\u00e9e 2026. D&rsquo;autres sorties bas\u00e9es sur ces partenariats sont pr\u00e9vues au cours de l&rsquo;ann\u00e9e 2027.<\/p>\n<p>                    <a aria-label=\"Packard Bell DotBook 14\" href=\"https:\/\/www.lesnumeriques.com\/ordinateur-portable\/packard-bell-dotbook-p78777.html\" rel=\"nofollow noopener\" target=\"_blank\">Packard Bell DotBook 14<\/a><\/p>\n<p>\tPrix de lancement 499 \u20ac\n            <\/p>\n<p>                                                <a href=\"https:\/\/www.lesnumeriques.com\/ordinateur-portable\/packard-bell-dotbook-p78777.html\" title=\"Packard Bell DotBook 14\" rel=\"nofollow noopener\" target=\"_blank\"><\/p>\n<p>            <img loading=\"lazy\" decoding=\"async\" src=\"data:image\/svg+xml,%3Csvg xmlns='http:\/\/www.w3.org\/2000\/svg'%3E%3C\/svg%3E\" draggable=\"false\" width=\"452\" height=\"254\" class=\"ed__title-xxs\" alt=\"Packard Bell DotBook 14\"\/><\/p>\n<p>                <\/a><\/p>\n<p>            En l&rsquo;absence d&rsquo;offres d\u00e9couvrez<\/p>\n<p>                Voir plus d&rsquo;offres\n        <\/p>\n<p>\n\tLes liens pr\u00e9sent\u00e9s ci-dessus pourraient ne pas fonctionner en pr\u00e9sence d&rsquo;un bloqueur de publicit\u00e9s.\n<\/p>\n<p class=\"ed__a-p ed__bdy__l\">Envie de faire encore plus d&rsquo;\u00e9conomies ? D\u00e9couvrez <a href=\"https:\/\/www.lesnumeriques.com\/codes-promo.html\" rel=\"nofollow noopener\" target=\"_blank\">nos codes promo<\/a> s\u00e9lectionn\u00e9s pour vous.<\/p>\n","protected":false},"excerpt":{"rendered":"Dix-huit ans apr\u00e8s son rachat par le groupe Acer, Packard Bell revient sur le march\u00e9 europ\u00e9en. \u00c0 l&rsquo;occasion&hellip;\n","protected":false},"author":2,"featured_media":1163633,"comment_status":"","ping_status":"","sticky":false,"template":"","format":"standard","meta":{"footnotes":"","_share_on_mastodon":"0"},"categories":[7],"tags":[1011,27,43,40,41,39,42,44],"class_list":["post-1163632","post","type-post","status-publish","format-standard","has-post-thumbnail","category-sciences-et-technologies","tag-fr","tag-france","tag-science","tag-science-and-technology","tag-sciences","tag-sciences-et-technologies","tag-technologies","tag-technology"],"share_on_mastodon":{"url":"https:\/\/pubeurope.com\/@fr\/117203176636109861","error":""},"_links":{"self":[{"href":"https:\/\/www.europesays.com\/fr\/wp-json\/wp\/v2\/posts\/1163632","targetHints":{"allow":["GET"]}}],"collection":[{"href":"https:\/\/www.europesays.com\/fr\/wp-json\/wp\/v2\/posts"}],"about":[{"href":"https:\/\/www.europesays.com\/fr\/wp-json\/wp\/v2\/types\/post"}],"author":[{"embeddable":true,"href":"https:\/\/www.europesays.com\/fr\/wp-json\/wp\/v2\/users\/2"}],"replies":[{"embeddable":true,"href":"https:\/\/www.europesays.com\/fr\/wp-json\/wp\/v2\/comments?post=1163632"}],"version-history":[{"count":0,"href":"https:\/\/www.europesays.com\/fr\/wp-json\/wp\/v2\/posts\/1163632\/revisions"}],"wp:featuredmedia":[{"embeddable":true,"href":"https:\/\/www.europesays.com\/fr\/wp-json\/wp\/v2\/media\/1163633"}],"wp:attachment":[{"href":"https:\/\/www.europesays.com\/fr\/wp-json\/wp\/v2\/media?parent=1163632"}],"wp:term":[{"taxonomy":"category","embeddable":true,"href":"https:\/\/www.europesays.com\/fr\/wp-json\/wp\/v2\/categories?post=1163632"},{"taxonomy":"post_tag","embeddable":true,"href":"https:\/\/www.europesays.com\/fr\/wp-json\/wp\/v2\/tags?post=1163632"}],"curies":[{"name":"wp","href":"https:\/\/api.w.org\/{rel}","templated":true}]}}