{"id":1163642,"date":"2026-09-02T19:52:26","date_gmt":"2026-09-02T19:52:26","guid":{"rendered":"https:\/\/www.europesays.com\/fr\/1163642\/"},"modified":"2026-09-02T19:52:26","modified_gmt":"2026-09-02T19:52:26","slug":"firminy-lycee-jacob-holtzer-100-des-personnels-etaient-a-leur-poste-mardi","status":"publish","type":"post","link":"https:\/\/www.europesays.com\/fr\/1163642\/","title":{"rendered":"Firminy. Lyc\u00e9e Jacob-Holtzer\u00a0: 100\u00a0% des personnels \u00e9taient \u00e0 leur poste mardi"},"content":{"rendered":"<p>Ce mardi au lyc\u00e9e Jacob-Holtzer, la rentr\u00e9e scolaire s\u2019est effectu\u00e9e sous le regard du proviseur Chris Contini, qui a fait part de sa satisfaction\u00a0: \u00ab\u00a0Nous pouvons dire que nous avons vraiment de tr\u00e8s bonnes conditions\u00a0: 100\u00a0% des personnels sont pr\u00e9sents, le travail r\u00e9gulier des \u00e9quipes au fil de l\u2019ann\u00e9e est r\u00e9compens\u00e9 et, m\u00eame si les r\u00e9sultats ne sont pas toujours enti\u00e8rement satisfaisants, je reste fier du travail accompli pour la r\u00e9ussite de nos lyc\u00e9ens.\u00a0\u00bb<\/p>\n<p>Pour accompagner Chris Contini dans la gestion de la cit\u00e9 scolaire, Charlotte Bellingueur, nomm\u00e9e comme \u00ab\u00a0faisant fonction\u00a0\u00bb l\u2019an pass\u00e9, obtient d\u00e9finitivement le poste de proviseure adjointe cette ann\u00e9e, Soumaya Beji, est la nouvelle secr\u00e9taire&#8230;<\/p>\n","protected":false},"excerpt":{"rendered":"Ce mardi au lyc\u00e9e Jacob-Holtzer, la rentr\u00e9e scolaire s\u2019est effectu\u00e9e sous le regard du proviseur Chris Contini, qui&hellip;\n","protected":false},"author":2,"featured_media":1163643,"comment_status":"","ping_status":"","sticky":false,"template":"","format":"standard","meta":{"footnotes":"","_share_on_mastodon":"0"},"categories":[9653],"tags":[1111,11,2430,3599,7539,1057,1777,674,10282,10283,1011,27,12,25,4001],"class_list":["post-1163642","post","type-post","status-publish","format-standard","has-post-thumbnail","category-saint-etienne","tag-actu","tag-actualites","tag-auvergne-rhone-alpes","tag-college-lycee","tag-edition-loire-sud","tag-education","tag-eu","tag-europe","tag-firminy","tag-firminy-ville","tag-fr","tag-france","tag-news","tag-republique-francaise","tag-saint-etienne"],"share_on_mastodon":{"url":"https:\/\/pubeurope.com\/@fr\/117203196324177101","error":""},"_links":{"self":[{"href":"https:\/\/www.europesays.com\/fr\/wp-json\/wp\/v2\/posts\/1163642","targetHints":{"allow":["GET"]}}],"collection":[{"href":"https:\/\/www.europesays.com\/fr\/wp-json\/wp\/v2\/posts"}],"about":[{"href":"https:\/\/www.europesays.com\/fr\/wp-json\/wp\/v2\/types\/post"}],"author":[{"embeddable":true,"href":"https:\/\/www.europesays.com\/fr\/wp-json\/wp\/v2\/users\/2"}],"replies":[{"embeddable":true,"href":"https:\/\/www.europesays.com\/fr\/wp-json\/wp\/v2\/comments?post=1163642"}],"version-history":[{"count":0,"href":"https:\/\/www.europesays.com\/fr\/wp-json\/wp\/v2\/posts\/1163642\/revisions"}],"wp:featuredmedia":[{"embeddable":true,"href":"https:\/\/www.europesays.com\/fr\/wp-json\/wp\/v2\/media\/1163643"}],"wp:attachment":[{"href":"https:\/\/www.europesays.com\/fr\/wp-json\/wp\/v2\/media?parent=1163642"}],"wp:term":[{"taxonomy":"category","embeddable":true,"href":"https:\/\/www.europesays.com\/fr\/wp-json\/wp\/v2\/categories?post=1163642"},{"taxonomy":"post_tag","embeddable":true,"href":"https:\/\/www.europesays.com\/fr\/wp-json\/wp\/v2\/tags?post=1163642"}],"curies":[{"name":"wp","href":"https:\/\/api.w.org\/{rel}","templated":true}]}}