{"id":1163644,"date":"2026-09-02T19:53:21","date_gmt":"2026-09-02T19:53:21","guid":{"rendered":"https:\/\/www.europesays.com\/fr\/1163644\/"},"modified":"2026-09-02T19:53:21","modified_gmt":"2026-09-02T19:53:21","slug":"apres-lincendie-ils-ont-nettoye-leglise-saint-etienne-avec-lespoir-de-la-rouvrir-en-octobre","status":"publish","type":"post","link":"https:\/\/www.europesays.com\/fr\/1163644\/","title":{"rendered":"Apr\u00e8s l&rsquo;incendie, ils ont nettoy\u00e9 l&rsquo;\u00e9glise Saint-\u00c9tienne avec l&rsquo;espoir de la rouvrir en octobre"},"content":{"rendered":"<p>                    Par<br \/>\n        <strong><br \/>\n            <a href=\"https:\/\/actu.fr\/auteur\/aurelie-hebert\" title=\"Consulter tous les articles de Aur\u00e9lie H\u00e9bert\" rel=\"nofollow noopener\" target=\"_blank\">Aur\u00e9lie H\u00e9bert<\/a><br \/>\n                    <\/strong><\/p>\n<p>        Publi\u00e9 le<\/p>\n<p>            2 sept. 2026 \u00e0 19h56        <\/p>\n<p>Le 7\u00a0juillet 2026, les habitants de <b>Perriers-sur-Andelle <\/b>(<a href=\"https:\/\/actu.fr\/l-impartial\/\" rel=\"nofollow noopener\" target=\"_blank\">Eure<\/a>) ont bien cru perdre l\u2019\u00e9glise. Dans l\u2019apr\u00e8s-midi, un incendie s\u2019\u00e9tait d\u00e9clar\u00e9\u00a0dans la chapelle du Christ. Mais gr\u00e2ce \u00e0 l\u2019intervention de plusieurs personnes, dont trois adolescents, le b\u00e2timent religieux de 400\u00a0m2 a \u00e9t\u00e9 relativement \u00e9pargn\u00e9 par les flammes.<\/p>\n<p class=\" wall-content\">Rapidement mobilis\u00e9s, les pompiers avaient pu \u00e9teindre les flammes qui ont tout de m\u00eame laiss\u00e9 des stigmates dans <b>l\u2019\u00e9glise Saint-Etienne<\/b>.\u00a0Les jours suivants, les experts se sont succ\u00e9d\u00e9, et la municipalit\u00e9, emmen\u00e9e par sa maire<b> Annick Bonay<\/b>, a entam\u00e9 les d\u00e9marches pour rouvrir le b\u00e2timent, priv\u00e9 d\u2019\u00e9lectricit\u00e9.<\/p>\n<p class=\" wall-content\">Du mardi\u00a018 au mercredi 26\u00a0ao\u00fbt, une entreprise a r\u00e9alis\u00e9 la d\u00e9contamination du lieu. La <b>Soci\u00e9t\u00e9 Normande de Prestations Sinistres<\/b> (SNPS), install\u00e9e \u00e0 Saint-Ouen-de-Thouberville a proc\u00e9d\u00e9 au grand nettoyage du b\u00e2ti int\u00e9rieur mais aussi du mobilier et objets liturgiques.<\/p>\n<p>Produits sp\u00e9ciaux<\/p>\n<p class=\" wall-content\">Sp\u00e9cialis\u00e9e dans le nettoyage des b\u00e2timents apr\u00e8s un incendie, d\u00e9g\u00e2t des eaux, d\u00e9c\u00e8s\u2026, l\u2019entreprise euroise, qui a travaill\u00e9 sur l\u2019\u00e9glise Saint-Cl\u00e9ment de Rouen ou celle de Bourg-Achard, a r\u00e9alis\u00e9 un nettoyage technique gr\u00e2ce \u00e0 des produits de laboratoire, recommand\u00e9s par les B\u00e2timents de France.<\/p>\n<p>    <img   decoding=\"async\" loading=\"lazy\" class=\"size-large\" src=\"https:\/\/www.europesays.com\/fr\/wp-content\/uploads\/2026\/09\/5b1db424ef8a6002db424ef8aa42dbv-960x640.jpg\" alt=\"Perriers-sur-Andelle \u00e9glise nettoyage incendie 26 ao\u00fbt 2026\" width=\"960\" height=\"640\"\/><br \/>\n    Perriers-sur-Andelle \u00e9glise nettoyage incendie 26\u00a0ao\u00fbt 2026 \u00a9L\u2019ImpartialVid\u00e9os : en ce moment sur Actu<\/p>\n<p class=\" wall-content\">Car pas question d\u2019endommager les boiseries et mobiliers anciens, vitraux, ic\u00f4nes ou encore les murs d\u2019un certain \u00e2ge.<\/p>\n<blockquote class=\"ac-article-quote wall-content\">\n<p>\u00ab C\u2019est un gros chantier. Heureusement, les fum\u00e9es n\u2019\u00e9taient pas grasses, ce qui peut arriver quand beaucoup de plastique br\u00fble. Mais il a fallu enlever la suie qui s\u2019est d\u00e9pos\u00e9e partout. \u00bb<\/p>\n<p>Elmo Neveu de la SNPS.<\/p><\/blockquote>\n<p class=\" wall-content\">Pour cela, les employ\u00e9s ont utilis\u00e9 des \u00e9ponges sp\u00e9ciales, sans mettre de l\u2019eau pour nettoyer les boiseries, meubles et vitraux pour \u00e9viter de les imbiber d\u2019eau, ou encore des pineaux fins pour \u00e9liminer toute trace dans le moindre recoin. M\u00eame les plafonds ont \u00e9t\u00e9 d\u00e9barrass\u00e9s des poussi\u00e8res ainsi que caque pampilles des lustres nettoy\u00e9es une \u00e0 une.<\/p>\n<p class=\" wall-content\">\u00ab Ils ont r\u00e9alis\u00e9 un travail ph\u00e9nom\u00e9nal. Le chemin de croix n\u2019avait pas \u00e9t\u00e9 aussi propre depuis longtemps tout comme les deux monuments \u00e0 l\u2019entr\u00e9e \u00bb, souligne avec satisfaction la maire apr\u00e8s ce chantier enti\u00e8rement pris en charge par l\u2019assurance.<\/p>\n<p>    <img   decoding=\"async\" loading=\"lazy\" class=\"size-large\" src=\"https:\/\/www.europesays.com\/fr\/wp-content\/uploads\/2026\/09\/d9fc0524ef8a61ffc0524ef8af20d0v-960x640.jpg\" alt=\"Perriers-sur-Andelle \u00e9glise nettoyage incendie 26 ao\u00fbt 2026\" width=\"960\" height=\"640\"\/><br \/>\n    Perriers-sur-Andelle \u00e9glise nettoyage incendie 26\u00a0ao\u00fbt 2026 \u00a9L\u2019ImpartialEncore les statues \u00e0 nettoyer<\/p>\n<p class=\" wall-content\">Seules les statues sont encore recouvertes de suie. \u00ab Nous sommes \u00e0 la recherche d\u2019une autre entreprise sp\u00e9cialis\u00e9e pour leur nettoyage \u00bb, poursuit la maire, rappelant que chaque soci\u00e9t\u00e9 qui interviendra, sera d\u00e9sign\u00e9e par l\u2019assurance.<\/p>\n<p class=\" wall-content\">Autre sp\u00e9cialiste recherch\u00e9, un menuisier-\u00e9b\u00e9niste, afin de restaurer l\u2019autel touch\u00e9 par les flammes. Le mur voisin, \u00e0 droite en regardant en direction de l\u2019autel, sera repeint, et ses boiseries refaites. Autre artisan tr\u00e8s attendu : un \u00e9lectricien. Les demandes de devis sont en cours. Annick Bonay esp\u00e8re une intervention rapide, car il n\u2019y a pas d\u2019\u00e9lectricit\u00e9 dans l\u2019\u00e9difice religieux. Pour que les entreprises puissent \u0153uvrer, une ligne provisoire a \u00e9t\u00e9 install\u00e9e. mais elle ne permet pas une r\u00e9ouverture des lieux.<\/p>\n<p>    <img   decoding=\"async\" loading=\"lazy\" class=\"size-large\" src=\"https:\/\/www.europesays.com\/fr\/wp-content\/uploads\/2026\/09\/5c1fd424ef8a6502fd424ef8a342fdv-960x640.jpg\" alt=\"Perriers-sur-Andelle \u00e9glise nettoyage incendie 26 ao\u00fbt 2026\" width=\"960\" height=\"640\"\/><br \/>\n    Perriers-sur-Andelle \u00e9glise nettoyage incendie 26\u00a0ao\u00fbt 2026 \u00a9L\u2019Impartial<\/p>\n<p class=\" wall-content\">\u00ab Nous esp\u00e9rons donc que les travaux d\u2019\u00e9lectricit\u00e9 vont \u00eatre lanc\u00e9s rapidement pour rouvrir l\u2019\u00e9glise au public. Nous aimerions qu\u2019une messe puisse avoir lieu le dimanche 3\u00a0octobre. \u00bb Une date attendue des fid\u00e8les donc mais aussi de tous les habitants qui ont bien cru perdre leur \u00e9glise au d\u00e9but de l\u2019\u00e9t\u00e9.<\/p>\n<p class=\" wall-content\">Personnalisez votre actualit\u00e9 en ajoutant vos villes et m\u00e9dias en favori avec <a href=\"https:\/\/moncompte.actu.fr\" title=\"D\u00e9couvez Mon Actu\" rel=\"nofollow noopener\" data-trk=\"{&quot;cta&quot;:{&quot;action&quot;:&quot;https:\\\/\\\/moncompte.actu.fr&quot;,&quot;category&quot;:&quot;mon compte&quot;,&quot;from&quot;:&quot;article footer&quot;,&quot;name&quot;:&quot;Mon actu&quot;,&quot;type&quot;:&quot;cta&quot;}}\" target=\"_blank\">Mon Actu<\/a>.<\/p>\n","protected":false},"excerpt":{"rendered":"Par Aur\u00e9lie H\u00e9bert Publi\u00e9 le 2 sept. 2026 \u00e0 19h56 Le 7\u00a0juillet 2026, les habitants de Perriers-sur-Andelle (Eure)&hellip;\n","protected":false},"author":2,"featured_media":1163645,"comment_status":"","ping_status":"","sticky":false,"template":"","format":"standard","meta":{"footnotes":"","_share_on_mastodon":"0"},"categories":[9653],"tags":[1111,11,2430,1777,674,1011,27,12,2551,25,4001,104,13428],"class_list":["post-1163644","post","type-post","status-publish","format-standard","has-post-thumbnail","category-saint-etienne","tag-actu","tag-actualites","tag-auvergne-rhone-alpes","tag-eu","tag-europe","tag-fr","tag-france","tag-news","tag-patrimoine","tag-republique-francaise","tag-saint-etienne","tag-societe","tag-vallee-de-landelle"],"share_on_mastodon":{"url":"https:\/\/pubeurope.com\/@fr\/117203203149100485","error":""},"_links":{"self":[{"href":"https:\/\/www.europesays.com\/fr\/wp-json\/wp\/v2\/posts\/1163644","targetHints":{"allow":["GET"]}}],"collection":[{"href":"https:\/\/www.europesays.com\/fr\/wp-json\/wp\/v2\/posts"}],"about":[{"href":"https:\/\/www.europesays.com\/fr\/wp-json\/wp\/v2\/types\/post"}],"author":[{"embeddable":true,"href":"https:\/\/www.europesays.com\/fr\/wp-json\/wp\/v2\/users\/2"}],"replies":[{"embeddable":true,"href":"https:\/\/www.europesays.com\/fr\/wp-json\/wp\/v2\/comments?post=1163644"}],"version-history":[{"count":0,"href":"https:\/\/www.europesays.com\/fr\/wp-json\/wp\/v2\/posts\/1163644\/revisions"}],"wp:featuredmedia":[{"embeddable":true,"href":"https:\/\/www.europesays.com\/fr\/wp-json\/wp\/v2\/media\/1163645"}],"wp:attachment":[{"href":"https:\/\/www.europesays.com\/fr\/wp-json\/wp\/v2\/media?parent=1163644"}],"wp:term":[{"taxonomy":"category","embeddable":true,"href":"https:\/\/www.europesays.com\/fr\/wp-json\/wp\/v2\/categories?post=1163644"},{"taxonomy":"post_tag","embeddable":true,"href":"https:\/\/www.europesays.com\/fr\/wp-json\/wp\/v2\/tags?post=1163644"}],"curies":[{"name":"wp","href":"https:\/\/api.w.org\/{rel}","templated":true}]}}