{"id":1163653,"date":"2026-09-02T20:02:21","date_gmt":"2026-09-02T20:02:21","guid":{"rendered":"https:\/\/www.europesays.com\/fr\/1163653\/"},"modified":"2026-09-02T20:02:21","modified_gmt":"2026-09-02T20:02:21","slug":"lhelicoptere-de-la-gendarmerie-apercu-a-plusieurs-reprises-a-basse-altitude-que-se-passe-t-il-dans-le-quartier-de-figuerolles-a-montpellier","status":"publish","type":"post","link":"https:\/\/www.europesays.com\/fr\/1163653\/","title":{"rendered":"L\u2019h\u00e9licopt\u00e8re de la gendarmerie aper\u00e7u \u00e0 plusieurs reprises \u00e0 basse altitude\u00a0: que se passe-t-il dans le quartier de Figuerolles \u00e0 Montpellier\u00a0?"},"content":{"rendered":"<p>\n                                                                Des habitants du secteur ont signal\u00e9, ce mercredi 2\u00a0septembre, des all\u00e9es et venues de l\u2019h\u00e9licopt\u00e8re de la gendarmerie, \u00e0 basse altitude, au-dessus des chez eux.\n                            <\/p>\n<p>Ce mercredi 2\u00a0septembre, vers 16\u00a0h, des t\u00e9moins ont \u00e9t\u00e9 intrigu\u00e9s par les vols r\u00e9p\u00e9t\u00e9s, \u00e0 basse altitude, d\u2019un h\u00e9licopt\u00e8re de la gendarmerie nationale au-dessus du quartier de Figuerolles.<\/p>\n<p>        <img decoding=\"async\" class=\"std-img__img responsive-img\" src=\"https:\/\/www.europesays.com\/fr\/wp-content\/uploads\/2026\/09\/1788379341_614_image.jpg\" alt=\"Des riverains intrigu\u00e9s par le passage r\u00e9p\u00e9t\u00e9 de l\u2019h\u00e9licopt\u00e8re de la gendarmerie au-dessus de leurs maisons, ce mercredi apr\u00e8s-midi.\"\/><\/p>\n<p>                Des riverains intrigu\u00e9s par le passage r\u00e9p\u00e9t\u00e9 de l\u2019h\u00e9licopt\u00e8re de la gendarmerie au-dessus de leurs maisons, ce mercredi apr\u00e8s-midi.<br \/>\n                                    DR &#8211; LAURA RIEUSSET<\/p>\n<p>Aucune intervention sensible \u00e0 l\u2019origine de ces all\u00e9es et venues. Il s\u2019agissait en r\u00e9alit\u00e9 d\u2019un exercice commun de la gendarmerie et du Raid, l\u2019unit\u00e9 d\u2019intervention sp\u00e9cialis\u00e9e de la police nationale.<\/p>\n<p>D\u00e9j\u00e0 plusieurs man\u0153uvres depuis le d\u00e9but de l\u2019\u00e9t\u00e9<\/p>\n<p>Depuis le d\u00e9but de l\u2019\u00e9t\u00e9, <a href=\"https:\/\/www.midilibre.fr\/2026\/07\/29\/des-riverains-interpellaient-par-la-presence-du-raid-sur-lex-site-groupama-la-plus-grande-friche-de-montpellier-13488787.php\" target=\"_blank\" rel=\"nofollow noopener\">plusieurs man\u0153uvres de ce type ont d\u00e9j\u00e0 \u00e9t\u00e9 men\u00e9es dans ce quartier <\/a>de Montpellier, dans les airs et au sol, suscitant l\u2019interrogation des riverains.<\/p>\n","protected":false},"excerpt":{"rendered":"Des habitants du secteur ont signal\u00e9, ce mercredi 2\u00a0septembre, des all\u00e9es et venues de l\u2019h\u00e9licopt\u00e8re de la gendarmerie,&hellip;\n","protected":false},"author":2,"featured_media":1163654,"comment_status":"","ping_status":"","sticky":false,"template":"","format":"standard","meta":{"footnotes":"","_share_on_mastodon":"0"},"categories":[9599],"tags":[1111,11,1777,674,1011,27,7089,2208,12,2680,25,656,104],"class_list":["post-1163653","post","type-post","status-publish","format-standard","has-post-thumbnail","category-montpellier","tag-actu","tag-actualites","tag-eu","tag-europe","tag-fr","tag-france","tag-herault","tag-montpellier","tag-news","tag-occitanie","tag-republique-francaise","tag-securite","tag-societe"],"share_on_mastodon":{"url":"https:\/\/pubeurope.com\/@fr\/117203237130127019","error":""},"_links":{"self":[{"href":"https:\/\/www.europesays.com\/fr\/wp-json\/wp\/v2\/posts\/1163653","targetHints":{"allow":["GET"]}}],"collection":[{"href":"https:\/\/www.europesays.com\/fr\/wp-json\/wp\/v2\/posts"}],"about":[{"href":"https:\/\/www.europesays.com\/fr\/wp-json\/wp\/v2\/types\/post"}],"author":[{"embeddable":true,"href":"https:\/\/www.europesays.com\/fr\/wp-json\/wp\/v2\/users\/2"}],"replies":[{"embeddable":true,"href":"https:\/\/www.europesays.com\/fr\/wp-json\/wp\/v2\/comments?post=1163653"}],"version-history":[{"count":0,"href":"https:\/\/www.europesays.com\/fr\/wp-json\/wp\/v2\/posts\/1163653\/revisions"}],"wp:featuredmedia":[{"embeddable":true,"href":"https:\/\/www.europesays.com\/fr\/wp-json\/wp\/v2\/media\/1163654"}],"wp:attachment":[{"href":"https:\/\/www.europesays.com\/fr\/wp-json\/wp\/v2\/media?parent=1163653"}],"wp:term":[{"taxonomy":"category","embeddable":true,"href":"https:\/\/www.europesays.com\/fr\/wp-json\/wp\/v2\/categories?post=1163653"},{"taxonomy":"post_tag","embeddable":true,"href":"https:\/\/www.europesays.com\/fr\/wp-json\/wp\/v2\/tags?post=1163653"}],"curies":[{"name":"wp","href":"https:\/\/api.w.org\/{rel}","templated":true}]}}