{"id":1163655,"date":"2026-09-02T20:04:19","date_gmt":"2026-09-02T20:04:19","guid":{"rendered":"https:\/\/www.europesays.com\/fr\/1163655\/"},"modified":"2026-09-02T20:04:19","modified_gmt":"2026-09-02T20:04:19","slug":"ligue-2-asse-montpellier-le-parcage-visiteurs-ouvert-aux-stephanois","status":"publish","type":"post","link":"https:\/\/www.europesays.com\/fr\/1163655\/","title":{"rendered":"Ligue 2. ASSE &#8211; Montpellier\u00a0: le parcage visiteurs ouvert aux St\u00e9phanois"},"content":{"rendered":"<p>Pour le retour des Kops \u00e0 Geoffroy-Guichard apr\u00e8s deux premi\u00e8res journ\u00e9es \u00e0 huis clos, le Chaudron va pouvoir accueillir encore un peu plus de St\u00e9phanois, samedi \u00e0 20 heures. Comme trop souvent, les supporters adverses ont \u00e9t\u00e9 interdits de d\u00e9placement, mais le parcage ne restera pas vide.<\/p>\n<p>Face \u00e0 la tr\u00e8s forte demande des supporters pour cette rencontre (d\u00e9j\u00e0 35\u00a0000 places vendues d\u00e8s mardi), le club a entam\u00e9 les d\u00e9marches habituelles aupr\u00e8s de Montpellier et de la LFP pour commercialiser les places. L\u2019ASSE a obtenu ce feu vert et peut donc vendre plusieurs centaines de places suppl\u00e9mentaires.<\/p>\n<p>  Un choc sportif<\/p>\n<p>Au-del\u00e0 du retour des ultras, cette rencontre marque aussi un vrai choc sportif puisqu\u2019elle opposera deux \u00e9quipes invaincues dans ce d\u00e9but de saison. Derri\u00e8re <a href=\"https:\/\/www.leprogres.fr\/sport\/2026\/08\/31\/une-reaction-de-patrons\" target=\"_blank\" rel=\"nofollow noopener\">le cavalier seul des Verts<\/a> (4 victoires), Montpellier occupe la 3e\u00a0 place avec deux succ\u00e8s et deux nuls.<\/p>\n","protected":false},"excerpt":{"rendered":"Pour le retour des Kops \u00e0 Geoffroy-Guichard apr\u00e8s deux premi\u00e8res journ\u00e9es \u00e0 huis clos, le Chaudron va pouvoir&hellip;\n","protected":false},"author":2,"featured_media":1163656,"comment_status":"","ping_status":"","sticky":false,"template":"","format":"standard","meta":{"footnotes":"","_share_on_mastodon":"0"},"categories":[9599],"tags":[1111,11,4000,7539,1777,674,107,63,1011,27,4002,3367,2208,12,2680,25,4001,7538,517],"class_list":["post-1163655","post","type-post","status-publish","format-standard","has-post-thumbnail","category-montpellier","tag-actu","tag-actualites","tag-asse-as-saint-etienne-football","tag-edition-loire-sud","tag-eu","tag-europe","tag-fil-info","tag-football","tag-fr","tag-france","tag-haute-loire","tag-loire","tag-montpellier","tag-news","tag-occitanie","tag-republique-francaise","tag-saint-etienne","tag-saint-etienne-ville","tag-sport"],"share_on_mastodon":{"url":"","error":""},"_links":{"self":[{"href":"https:\/\/www.europesays.com\/fr\/wp-json\/wp\/v2\/posts\/1163655","targetHints":{"allow":["GET"]}}],"collection":[{"href":"https:\/\/www.europesays.com\/fr\/wp-json\/wp\/v2\/posts"}],"about":[{"href":"https:\/\/www.europesays.com\/fr\/wp-json\/wp\/v2\/types\/post"}],"author":[{"embeddable":true,"href":"https:\/\/www.europesays.com\/fr\/wp-json\/wp\/v2\/users\/2"}],"replies":[{"embeddable":true,"href":"https:\/\/www.europesays.com\/fr\/wp-json\/wp\/v2\/comments?post=1163655"}],"version-history":[{"count":0,"href":"https:\/\/www.europesays.com\/fr\/wp-json\/wp\/v2\/posts\/1163655\/revisions"}],"wp:featuredmedia":[{"embeddable":true,"href":"https:\/\/www.europesays.com\/fr\/wp-json\/wp\/v2\/media\/1163656"}],"wp:attachment":[{"href":"https:\/\/www.europesays.com\/fr\/wp-json\/wp\/v2\/media?parent=1163655"}],"wp:term":[{"taxonomy":"category","embeddable":true,"href":"https:\/\/www.europesays.com\/fr\/wp-json\/wp\/v2\/categories?post=1163655"},{"taxonomy":"post_tag","embeddable":true,"href":"https:\/\/www.europesays.com\/fr\/wp-json\/wp\/v2\/tags?post=1163655"}],"curies":[{"name":"wp","href":"https:\/\/api.w.org\/{rel}","templated":true}]}}