{"id":1163657,"date":"2026-09-02T20:05:18","date_gmt":"2026-09-02T20:05:18","guid":{"rendered":"https:\/\/www.europesays.com\/fr\/1163657\/"},"modified":"2026-09-02T20:05:18","modified_gmt":"2026-09-02T20:05:18","slug":"cette-librairie-ouverte-depuis-plus-de-40-ans-a-rouen-saccroche-grace-au-soutien-de-ses-clients-ca-va-repartir","status":"publish","type":"post","link":"https:\/\/www.europesays.com\/fr\/1163657\/","title":{"rendered":"Cette librairie ouverte depuis plus de 40 ans \u00e0 Rouen s&rsquo;accroche gr\u00e2ce au soutien de ses clients : \u00ab \u00c7a va repartir ! \u00bb"},"content":{"rendered":"<p>                    Par<br \/>\n        <strong><br \/>\n            <a href=\"https:\/\/actu.fr\/auteur\/jessie-leclerc\" title=\"Consulter tous les articles de Jessie Leclerc\" rel=\"nofollow noopener\" target=\"_blank\">Jessie Leclerc<\/a><br \/>\n                    <\/strong><\/p>\n<p>        Publi\u00e9 le<\/p>\n<p>            2 sept. 2026 \u00e0 20h16        <\/p>\n<p>L\u2019avenir de la<strong> librairie Le Lotus<\/strong>, install\u00e9e depuis plus de 40 ans, rue d\u2019Amiens, <a href=\"https:\/\/actu.fr\/normandie\/rouen_76540\" rel=\"nofollow noopener\" target=\"_blank\">\u00e0 Rouen (Seine-Maritime)<\/a> n\u2019est pas encore scell\u00e9. Si elle est <a href=\"https:\/\/actu.fr\/normandie\/rouen_76540\/cette-librairie-presente-depuis-plus-de-40-ans-sur-rouen-est-en-danger-on-n-est-pas-completement-mort_63155560.html\" rel=\"nofollow noopener\" target=\"_blank\">plac\u00e9e en redressement judiciaire depuis plusieurs mois<\/a>, sa <strong>rage de vaincre<\/strong> est encore bien pr\u00e9sente. Plusieurs clients ont mont\u00e9 <strong>une association<\/strong> afin de lui<strong> venir en aide<\/strong>. Le ma\u00eetre des lieux, Franck Vattier-Croissant reprend espoir\u2009: \u00ab\u2009L\u00e0, \u00e7a va repartir\u2009\u00bb.<\/p>\n<p>Quand les clients d\u00e9cident de sauver leur librairie bien-aim\u00e9e<\/p>\n<p class=\" wall-content\">C\u2019est<strong> une belle initiative<\/strong>. Le genre digne d\u2019un film de No\u00ebl o\u00f9 des clients se donnent corps et \u00e2me pour sauver l\u2019un de leur commerce favori. Pourtant, \u00e0 Rouen, cette histoire est bien r\u00e9elle.<\/p>\n<p class=\" wall-content\">La r\u00e9daction de 76actu l\u2019\u00e9voquait en septembre\u00a02025, la librairie Le Lotus, sp\u00e9cialis\u00e9e dans le bien-\u00eatre et le d\u00e9veloppement personnel conna\u00eet des difficult\u00e9s financi\u00e8res. En janvier\u00a02026, d\u00e9j\u00e0 des clients s\u2019\u00e9taient impliqu\u00e9s dans <a href=\"https:\/\/actu.fr\/normandie\/rouen_76540\/a-rouen-une-librairie-presente-depuis-plus-de-40-ans-lutte-pour-sa-survie-il-ne-faut-rien-lacher_63882700.html\" rel=\"nofollow noopener\" target=\"_blank\">une cagnotte<\/a> pour donner un coup de pouce \u00e0 l\u2019enseigne.<\/p>\n<p class=\" wall-content\">Un an apr\u00e8s le premier appel \u00e0 l\u2019aide, Le Lotus <strong>reste sous surveillance judiciaire<\/strong>. Une audience tenue le 25\u00a0ao\u00fbt 2026, a donn\u00e9 \u00e0 l\u2019\u00e9tablissement six mois suppl\u00e9mentaires pour redresser la barre. Pour \u00e9viter une fermeture, des clients habitu\u00e9s et des habitants du quartier se mobilisent. Et ils ne font pas les choses \u00e0 moiti\u00e9 avec<strong> la cr\u00e9ation d\u2019une association \u00e0 but non lucratif<\/strong> nomm\u00e9e Les Amis du Lotus.<\/p>\n<p>Six mois faire revivre les lieux<\/p>\n<p class=\" wall-content\">La proc\u00e9dure est d\u00e9sormais prolong\u00e9e jusqu\u2019en <strong>f\u00e9vrier\u00a02027<\/strong> avec une premi\u00e8re \u00e9ch\u00e9ance importante en d\u00e9cembre. Si aucun redressement n\u2019est constat\u00e9 \u00e0 cette date, une \u00e9ventuelle fermeture pourrait devenir d\u00e9finitive. En mai\u00a02026, Franck avait d\u00fb se s\u00e9parer de ses deux employ\u00e9s. \u00ab\u2009C\u2019est <strong>une d\u00e9cision injuste et inhumaine<\/strong>, \u00e7a m\u2019a valu quelques nuits blanches\u2009\u00bb, confie-t-il.<\/p>\n<p class=\" wall-content\">Mais tout peut encore changer. Pour le moment, la situation reste sous contr\u00f4le. <strong>Pas question d\u2019abandonner<\/strong> pour Franck Vattier-Croissant, g\u00e9rant de cette adresse historique du quartier Saint-Marc. L\u2019heure est \u00e0 la restructuration : \u00ab\u00a0Le Lotus, \u00e7a continue !\u00a0\u00bb.<\/p>\n<p>    <img   decoding=\"async\" loading=\"lazy\" src=\"https:\/\/www.europesays.com\/fr\/wp-content\/uploads\/2026\/09\/20260901-172351-960x640.jpg\" alt=\"Avec les premi\u00e8res \u00e9conomies r\u00e9alis\u00e9es, Franck Vattier-Croissant a pu repasser commande aupr\u00e8s de ses fournisseurs.\" width=\"960\" height=\"640\"\/><br \/>\n    Avec les premi\u00e8res \u00e9conomies r\u00e9alis\u00e9es, Franck Vattier-Croissant a pu repasser commande aupr\u00e8s de ses fournisseurs. (\u00a9JL\/76actu)<\/p>\n<p class=\" wall-content\">La librairie remonte d\u2019ailleurs doucement la pente. \u00ab\u2009L\u00e0 le contexte est d\u00e9j\u00e0 plus positif qu\u2019en janvier, je suis confiant\u2009\u00bb, assure le libraire.<\/p>\n<p>Salon du livre, animations, communication\u2026 Les id\u00e9es ne manquent pas<\/p>\n<p class=\" wall-content\">Les clients de la librairie ne manquent pas d\u2019id\u00e9es. Avec <strong>Les Amis du Lotus<\/strong>, ils comptent bien offrir de la visibilit\u00e9 au Lotus et ainsi lui ramener un nouveau public. \u00ab\u2009Les clients ne peuvent pas envisager la fermeture et ils veulent m\u2019aider\u2009\u00bb, souligne Franck.<\/p>\n<p class=\" wall-content\">Il pr\u00e9cise ne pas intervenir dans la gestion de l\u2019association afin d\u2019\u00e9viter tout conflit d\u2019int\u00e9r\u00eats. L\u2019objectif du projet est notamment de<strong> promouvoir l\u2019acc\u00e8s au livre<\/strong>, \u00e0 la culture, aux sagesses du monde, au mieux-\u00eatre et \u00e0 l\u2019\u00e9panouissement personnel.<\/p>\n<p class=\" wall-content\"><strong>Un Salon du livre bien-\u00eatre<\/strong> est d\u00e9j\u00e0 envisag\u00e9 dans les locaux de la librairie. \u00ab\u2009Ce n\u2019est pas moi qui g\u00e8re, c\u2019est un partenariat comme un autre, mais l\u2019id\u00e9e est de ramener du monde au Lotus\u2009\u00bb, insiste le libraire.<\/p>\n<p class=\" wall-content\">Les 2\u2009500\u00a0euros r\u00e9colt\u00e9s gr\u00e2ce \u00e0 la cagnotte ouverte en d\u00e9but d\u2019ann\u00e9e ont d\u00e9j\u00e0 apport\u00e9 une aide au commerce. Reste aux clients de revenir acheter <a href=\"https:\/\/actu.fr\/normandie\/rouen_76540\/un-livre-inedit-d-aquarelles-sur-rouen-le-nouveau-projet-de-dorothee-piatek_64285055.html\" rel=\"nofollow noopener\" target=\"_blank\">des livres<\/a>. \u00ab\u2009C\u2019est ce qui compte vraiment\u2009\u00bb, assure le g\u00e9rant.<\/p>\n<blockquote class=\"ac-article-quote wall-content\">\n<p>Certains pensent qu&rsquo;un commerce malade est d\u00e9j\u00e0 un commerce mort, mais ce n&rsquo;est pas vrai. Avec le Lotus, on va y arriver ! C&rsquo;est jouable, \u00e7a va demander du temps, mais je ne veux pas renoncer.<\/p>\n<p>    <strong>Franck Vattier-Croissant,<\/strong><br \/>\n        G\u00e9rant de la librairie Le Lotus, \u00e0 Rouen    <\/p><\/blockquote>\n<p class=\" wall-content\">Franck esp\u00e8re aussi attirer les plus jeunes\u2009: \u00ab\u2009L\u2019association recherche un b\u00e9n\u00e9vole en communication pour toucher les 18-25 sur <a href=\"https:\/\/www.facebook.com\/librairielelotus\/?locale=fr_FR\" rel=\"nofollow noopener\" target=\"_blank\">les r\u00e9seaux sociaux<\/a>\u2009\u00bb.<\/p>\n<p>Un appel aux \u00e9lus<\/p>\n<p class=\" wall-content\">Le Lotus revendique une place particuli\u00e8re \u00e0 Rouen. \u00ab\u2009C\u2019est un lieu unique, on est les seuls dans ce domaine bien pr\u00e9cis du <a href=\"https:\/\/actu.fr\/normandie\/bois-guillaume_76108\/la-librairie-les-mots-deambulle-va-ouvrir-dici-au-mois-de-juin_64284701.html\" rel=\"nofollow noopener\" target=\"_blank\">d\u00e9veloppement personnel<\/a>\u2009\u00bb, explique le commer\u00e7ant. Selon lui, c\u2019est cette particularit\u00e9 qui fait que le lieu est encore ouvert aujourd\u2019hui.<\/p>\n<p class=\" wall-content\">La situation des <strong>librairies ind\u00e9pendantes<\/strong> reste fragile \u00e0 l\u2019\u00e9chelle nationale. Selon le Centre National du Livre (CNL), en 2025, pour la premi\u00e8re fois depuis l\u2019existence de ce suivi, il y a eu plus de fermetures que d\u2019ouvertures.<\/p>\n<p class=\" wall-content\">\u00ab\u2009Rien qu\u2019\u00e0 Rouen, d\u2019autres coll\u00e8gues souffrent\u2009: Les Grimoires de Morgane, le caf\u00e9 librairie la Tonne, la librairie Au Grand Nulle Part\u2026\u2009\u00bb, se d\u00e9sole Franck. \u00ab\u2009Pourtant,<strong> on ne peut pas avoir une ville sans culture<\/strong>\u2009\u00bb, lance le libraire qui <strong>en appelle aux \u00e9lus<\/strong> pour trouver des solutions.<\/p>\n<p class=\" wall-content\">\u00ab\u2009\u00c7a vaut pour tous les commerces en g\u00e9n\u00e9ral. Rue Armand-Carrel et rue d\u2019Amiens, c\u2019est l\u2019h\u00e9catombe\u2026, d\u00e9nonce-t-il. Les commerces ferment un \u00e0 un et personne ne bouge.\u2009\u00bb Il invite les \u00e9lus \u00e0 r\u00e9unir les pr\u00e9sidents des associations de quartier afin de <strong>construire des r\u00e9ponses communes<\/strong>.<\/p>\n<p>D\u00e9sormais seul \u00e0 s\u2019occuper de la boutique, Franck a adapt\u00e9 ses horaires d\u2019ouverture. La librairie accueille le public de 11 heures \u00e0 13 heures puis de 14 heures \u00e0 19 heures, du mardi au samedi. 49 rue d\u2019Amiens, \u00e0 Rouen.<\/p>\n<p>Suivez l\u2019actualit\u00e9 de Rouen <a href=\"https:\/\/www.whatsapp.com\/channel\/0029VaKfnf99hXF2ddApFB1D\" rel=\"nofollow noopener\" target=\"_blank\">sur notre cha\u00eene WhatsApp<\/a> et <a href=\"https:\/\/www.tiktok.com\/@76actu.fr?lang=fr\" rel=\"nofollow noopener\" target=\"_blank\">sur notre compte TikTok<\/a><\/p>\n<p class=\" wall-content\">Personnalisez votre actualit\u00e9 en ajoutant vos villes et m\u00e9dias en favori avec <a href=\"https:\/\/moncompte.actu.fr\" title=\"D\u00e9couvez Mon Actu\" rel=\"nofollow noopener\" data-trk=\"{&quot;cta&quot;:{&quot;action&quot;:&quot;https:\\\/\\\/moncompte.actu.fr&quot;,&quot;category&quot;:&quot;mon compte&quot;,&quot;from&quot;:&quot;article footer&quot;,&quot;name&quot;:&quot;Mon actu&quot;,&quot;type&quot;:&quot;cta&quot;}}\" target=\"_blank\">Mon Actu<\/a>.<\/p>\n<p>                    <script async src=\"\/\/www.tiktok.com\/embed.js\"><\/script><\/p>\n","protected":false},"excerpt":{"rendered":"Par Jessie Leclerc Publi\u00e9 le 2 sept. 2026 \u00e0 20h16 L\u2019avenir de la librairie Le Lotus, install\u00e9e depuis&hellip;\n","protected":false},"author":2,"featured_media":1163658,"comment_status":"","ping_status":"","sticky":false,"template":"","format":"standard","meta":{"footnotes":"","_share_on_mastodon":"0"},"categories":[9587],"tags":[1111,11,215,1777,674,1011,27,1380,1652,12,5161,25,9590,3400],"class_list":["post-1163657","post","type-post","status-publish","format-standard","has-post-thumbnail","category-rouen","tag-actu","tag-actualites","tag-commerce","tag-eu","tag-europe","tag-fr","tag-france","tag-livres","tag-loisirs-culture","tag-news","tag-normandie","tag-republique-francaise","tag-rouen","tag-solidarite"],"share_on_mastodon":{"url":"https:\/\/pubeurope.com\/@fr\/117203248895309798","error":""},"_links":{"self":[{"href":"https:\/\/www.europesays.com\/fr\/wp-json\/wp\/v2\/posts\/1163657","targetHints":{"allow":["GET"]}}],"collection":[{"href":"https:\/\/www.europesays.com\/fr\/wp-json\/wp\/v2\/posts"}],"about":[{"href":"https:\/\/www.europesays.com\/fr\/wp-json\/wp\/v2\/types\/post"}],"author":[{"embeddable":true,"href":"https:\/\/www.europesays.com\/fr\/wp-json\/wp\/v2\/users\/2"}],"replies":[{"embeddable":true,"href":"https:\/\/www.europesays.com\/fr\/wp-json\/wp\/v2\/comments?post=1163657"}],"version-history":[{"count":0,"href":"https:\/\/www.europesays.com\/fr\/wp-json\/wp\/v2\/posts\/1163657\/revisions"}],"wp:featuredmedia":[{"embeddable":true,"href":"https:\/\/www.europesays.com\/fr\/wp-json\/wp\/v2\/media\/1163658"}],"wp:attachment":[{"href":"https:\/\/www.europesays.com\/fr\/wp-json\/wp\/v2\/media?parent=1163657"}],"wp:term":[{"taxonomy":"category","embeddable":true,"href":"https:\/\/www.europesays.com\/fr\/wp-json\/wp\/v2\/categories?post=1163657"},{"taxonomy":"post_tag","embeddable":true,"href":"https:\/\/www.europesays.com\/fr\/wp-json\/wp\/v2\/tags?post=1163657"}],"curies":[{"name":"wp","href":"https:\/\/api.w.org\/{rel}","templated":true}]}}