{"id":1163661,"date":"2026-09-02T20:08:20","date_gmt":"2026-09-02T20:08:20","guid":{"rendered":"https:\/\/www.europesays.com\/fr\/1163661\/"},"modified":"2026-09-02T20:08:20","modified_gmt":"2026-09-02T20:08:20","slug":"grenoble-le-photographe-pascal-sarrazin-presente-tempo-a-la-galerie-ex-nihilo","status":"publish","type":"post","link":"https:\/\/www.europesays.com\/fr\/1163661\/","title":{"rendered":"Grenoble. Le photographe Pascal Sarrazin pr\u00e9sente Tempo \u00e0 la galerie Ex-Nihilo"},"content":{"rendered":"<p>Mardi 1er \u00a0septembre, la galerie grenobloise Ex-Nihilo accueillait le vernissage de Tempo , l\u2019exposition de Pascal Sarrazin. Dans la petite salle lumineuse, un public nombreux s\u2019\u00e9tait press\u00e9, parmi lesquels nombre de photographes des plus reconnus de l\u2019agglom\u00e9ration, pour d\u00e9couvrir le travail singulier de cet artiste discret, form\u00e9 aux Beaux-Arts de Grenoble, qui \u0153uvre depuis plus de 35\u00a0ans \u00e0 la fronti\u00e8re du temps et de l\u2019image.<\/p>\n<p>Un artiste venu des Beaux-Arts<\/p>\n<p>Pascal Sarrazin n\u2019est pas Grenoblois d\u2019origine mais il l\u2019est devenu, install\u00e9 dans cette ville qui lui ressemble, riche d\u2019artistes, de cin\u00e9astes exp\u00e9rimentaux, de cr\u00e9ateurs qui travaillent&#8230;<\/p>\n","protected":false},"excerpt":{"rendered":"Mardi 1er \u00a0septembre, la galerie grenobloise Ex-Nihilo accueillait le vernissage de Tempo , l\u2019exposition de Pascal Sarrazin. Dans&hellip;\n","protected":false},"author":2,"featured_media":1163662,"comment_status":"","ping_status":"","sticky":false,"template":"","format":"standard","meta":{"footnotes":"","_share_on_mastodon":"0"},"categories":[9566],"tags":[1111,11,2430,1687,112,1777,674,2271,1011,27,2731,2732,12,25],"class_list":["post-1163661","post","type-post","status-publish","format-standard","has-post-thumbnail","category-grenoble","tag-actu","tag-actualites","tag-auvergne-rhone-alpes","tag-culture-loisirs","tag-edition-grenoble-agglomeration","tag-eu","tag-europe","tag-exposition-arts-plastiques","tag-fr","tag-france","tag-grenoble","tag-grenoble-bassin","tag-news","tag-republique-francaise"],"share_on_mastodon":{"url":"https:\/\/pubeurope.com\/@fr\/117203258811463689","error":""},"_links":{"self":[{"href":"https:\/\/www.europesays.com\/fr\/wp-json\/wp\/v2\/posts\/1163661","targetHints":{"allow":["GET"]}}],"collection":[{"href":"https:\/\/www.europesays.com\/fr\/wp-json\/wp\/v2\/posts"}],"about":[{"href":"https:\/\/www.europesays.com\/fr\/wp-json\/wp\/v2\/types\/post"}],"author":[{"embeddable":true,"href":"https:\/\/www.europesays.com\/fr\/wp-json\/wp\/v2\/users\/2"}],"replies":[{"embeddable":true,"href":"https:\/\/www.europesays.com\/fr\/wp-json\/wp\/v2\/comments?post=1163661"}],"version-history":[{"count":0,"href":"https:\/\/www.europesays.com\/fr\/wp-json\/wp\/v2\/posts\/1163661\/revisions"}],"wp:featuredmedia":[{"embeddable":true,"href":"https:\/\/www.europesays.com\/fr\/wp-json\/wp\/v2\/media\/1163662"}],"wp:attachment":[{"href":"https:\/\/www.europesays.com\/fr\/wp-json\/wp\/v2\/media?parent=1163661"}],"wp:term":[{"taxonomy":"category","embeddable":true,"href":"https:\/\/www.europesays.com\/fr\/wp-json\/wp\/v2\/categories?post=1163661"},{"taxonomy":"post_tag","embeddable":true,"href":"https:\/\/www.europesays.com\/fr\/wp-json\/wp\/v2\/tags?post=1163661"}],"curies":[{"name":"wp","href":"https:\/\/api.w.org\/{rel}","templated":true}]}}