{"id":1163667,"date":"2026-09-02T20:11:30","date_gmt":"2026-09-02T20:11:30","guid":{"rendered":"https:\/\/www.europesays.com\/fr\/1163667\/"},"modified":"2026-09-02T20:11:30","modified_gmt":"2026-09-02T20:11:30","slug":"las-rennes-entre-dans-lhistoire-du-futsal-feminin-francais-sport","status":"publish","type":"post","link":"https:\/\/www.europesays.com\/fr\/1163667\/","title":{"rendered":"L\u2019AS Rennes entre dans l\u2019histoire du futsal f\u00e9minin fran\u00e7ais . Sport"},"content":{"rendered":"<p>Depuis la cr\u00e9ation du club en 2017, le chemin est ascendant et la progression de la structure est remarquable pour l\u2019AS Rennes. Une demi-finale de Coupe nationale en 2025 puis un quart de finale en 2026\u00a0(perdu face au vainqueur de la comp\u00e9tition) avant d\u2019\u00eatre int\u00e9gr\u00e9 \u00e0 la nouvelle D1 cr\u00e9\u00e9e cet \u00e9t\u00e9, non sans fiert\u00e9. Mais le technicien rennais, Baptiste Urvoy, sait que le chemin va se corser\u00a0: On jouera pour tenter de se maintenir, avec nos armes, ce ne sera facile pour personne, toutes les \u00e9quipes pr\u00e9sentes dans cette premi\u00e8re Division 1\u00a0sont habitu\u00e9es \u00e0 gagner. On veut se sauver, que ce soit en premi\u00e8re partie de saison en finissant dans les deux premiers ou lors de la seconde phase.<\/p>\n<p>En effet, les douze\u00a0\u00e9quipes sont r\u00e9parties en trois groupes, les deux premiers de chaque poule \u00e9tant qualifi\u00e9s pour rallier le groupe \u00c9lite, tandis que les deux derniers rejoindront le groupe Excellence. Deux poules de six permettront, lors de la seconde phase pr\u00e9vue en 2027, de se d\u00e9partager. L\u2019\u00e9quipe vainqueur du groupe \u00c9lite sera championne de France.<\/p>\n<p><strong>L\u2019AS Rennes \u00e0 l\u2019international<\/strong><\/p>\n<p>Pour disputer ces joutes hexagonales, Baptiste Urvoy pourra compter sur une recrue de choix\u00a0: l\u2019Australienne Aur\u00e9lia Collins. La meneuse de 22\u00a0ans, joueuse phare du championnat australien et multiple championne avec son club du Eastern Sururbs Hakoah FC, souhaitait d\u00e9couvrir la France et cette nouvelle D1. Elle a d\u00e9j\u00e0 fait des essais en Su\u00e8de et en Asie, elle a contact\u00e9 le club en voyant qu\u2019on cherchait \u00e0 se renforcer, \u00e9claire son coach. Elle fait l\u2019unanimit\u00e9 sur le parquet, malgr\u00e9 la barri\u00e8re de la langue. C\u2019est un ph\u00e9nom\u00e8ne, on se demande ce qu\u2019elle fait ici\u00a0(rires)\u00a0!<\/p>\n<p>Le club accompagne ses recrues, notamment celles qui viennent de loin, dans leurs d\u00e9marches. Une mission pour le team manager Pascal Urvoy, afin d\u2019aider \u00e0 se loger, trouver du travail\u2026 Cela entre dans la volont\u00e9 du club d\u2019accompagner autant les joueuses que les femmes dans le projet sportif. Et l\u2019AS Rennes ne compte pas s\u2019arr\u00eater en si bon chemin\u00a0: selon nos informations, une joueuse professionnelle de football pourrait rejoindre le club prochainement\u2026<\/p>\n<p>\u00a0<\/p>\n","protected":false},"excerpt":{"rendered":"Depuis la cr\u00e9ation du club en 2017, le chemin est ascendant et la progression de la structure est&hellip;\n","protected":false},"author":2,"featured_media":1163668,"comment_status":"","ping_status":"","sticky":false,"template":"","format":"standard","meta":{"footnotes":"","_share_on_mastodon":"0"},"categories":[2821],"tags":[1111,11,2063,829,1777,674,1011,27,1922,1393,2487,12,1404,584,25,2923,6689,4251,853,9693],"class_list":["post-1163667","post","type-post","status-publish","format-standard","has-post-thumbnail","category-rennes","tag-actu","tag-actualites","tag-annonces","tag-bretagne","tag-eu","tag-europe","tag-fr","tag-france","tag-info","tag-loisirs","tag-meteo","tag-news","tag-quotidien","tag-rennes","tag-republique-francaise","tag-restaurants","tag-roche","tag-sortir","tag-spectacles","tag-yon"],"share_on_mastodon":{"url":"https:\/\/pubeurope.com\/@fr\/117203270820873416","error":""},"_links":{"self":[{"href":"https:\/\/www.europesays.com\/fr\/wp-json\/wp\/v2\/posts\/1163667","targetHints":{"allow":["GET"]}}],"collection":[{"href":"https:\/\/www.europesays.com\/fr\/wp-json\/wp\/v2\/posts"}],"about":[{"href":"https:\/\/www.europesays.com\/fr\/wp-json\/wp\/v2\/types\/post"}],"author":[{"embeddable":true,"href":"https:\/\/www.europesays.com\/fr\/wp-json\/wp\/v2\/users\/2"}],"replies":[{"embeddable":true,"href":"https:\/\/www.europesays.com\/fr\/wp-json\/wp\/v2\/comments?post=1163667"}],"version-history":[{"count":0,"href":"https:\/\/www.europesays.com\/fr\/wp-json\/wp\/v2\/posts\/1163667\/revisions"}],"wp:featuredmedia":[{"embeddable":true,"href":"https:\/\/www.europesays.com\/fr\/wp-json\/wp\/v2\/media\/1163668"}],"wp:attachment":[{"href":"https:\/\/www.europesays.com\/fr\/wp-json\/wp\/v2\/media?parent=1163667"}],"wp:term":[{"taxonomy":"category","embeddable":true,"href":"https:\/\/www.europesays.com\/fr\/wp-json\/wp\/v2\/categories?post=1163667"},{"taxonomy":"post_tag","embeddable":true,"href":"https:\/\/www.europesays.com\/fr\/wp-json\/wp\/v2\/tags?post=1163667"}],"curies":[{"name":"wp","href":"https:\/\/api.w.org\/{rel}","templated":true}]}}