{"id":1163677,"date":"2026-09-02T20:19:18","date_gmt":"2026-09-02T20:19:18","guid":{"rendered":"https:\/\/www.europesays.com\/fr\/1163677\/"},"modified":"2026-09-02T20:19:18","modified_gmt":"2026-09-02T20:19:18","slug":"les-fourgons-de-la-crs-82-de-retour-nouvelle-operation-antidrogue-de-la-police-dans-ce-quartier-de-chatellerault","status":"publish","type":"post","link":"https:\/\/www.europesays.com\/fr\/1163677\/","title":{"rendered":"Les fourgons de la CRS 82 de retour : nouvelle op\u00e9ration antidrogue de la police dans ce quartier de Ch\u00e2tellerault"},"content":{"rendered":"<p>\u00c0 Ch\u00e2tellerault, les forces de l\u2019ordre continuent de harceler les trafics de stups. Mercredi apr\u00e8s-midi 2\u00a0septembre ao\u00fbt\u00a02026, la police a men\u00e9 <a target=\"_self\" href=\"https:\/\/www.lanouvellerepublique.fr\/chatellerault\/odeurs-de-cannabis-chien-anti-stups-et-crs-recit-d-une-nouvelle-operation-anti-drogue-de-la-police-a-chatellerault-1785954307\" rel=\"nofollow noopener\">une nouvelle op\u00e9ration antidrogue dans le quartier de Ch\u00e2teauneuf<\/a>. C\u2019est au moins la 6e\u00a0de ce type depuis le d\u00e9but de l\u2019\u00e9t\u00e9.<\/p>\n<p>Avec les fourgons de la CRS 82<\/p>\n<p>Une trentaine de fonctionnaires locaux, appuy\u00e9s par la CR 82 (Loire-Atlantique) et un chien anti-stups de La\u00a0Rochelle, se sont d\u00e9ploy\u00e9s autour de la place de la R\u00e9publique. Ils ont men\u00e9 des contr\u00f4les d\u2019identit\u00e9 ainsi que des fouilles, sur r\u00e9quisitions du procureur de la R\u00e9publique.<\/p>\n<p>Selon les premiers \u00e9l\u00e9ments, le bilan ne fait \u00e9tat d\u2019aucune saisie notable de produits mais il a \u00e9t\u00e9 proc\u00e9d\u00e9 \u00e0 des interpellations pour des infractions non communiqu\u00e9es.<\/p>\n","protected":false},"excerpt":{"rendered":"\u00c0 Ch\u00e2tellerault, les forces de l\u2019ordre continuent de harceler les trafics de stups. Mercredi apr\u00e8s-midi 2\u00a0septembre ao\u00fbt\u00a02026, la&hellip;\n","protected":false},"author":2,"featured_media":1163678,"comment_status":"","ping_status":"","sticky":false,"template":"","format":"standard","meta":{"footnotes":"","_share_on_mastodon":"0"},"categories":[2818],"tags":[1392,1111,11,19489,1777,674,274,1011,27,766,12,2636,1072,25,1584],"class_list":["post-1163677","post","type-post","status-publish","format-standard","has-post-thumbnail","category-nantes","tag-a-la-une-local","tag-actu","tag-actualites","tag-chatellerault","tag-eu","tag-europe","tag-faits-divers-justice","tag-fr","tag-france","tag-nantes","tag-news","tag-pays-de-la-loire","tag-police","tag-republique-francaise","tag-vienne"],"share_on_mastodon":{"url":"https:\/\/pubeurope.com\/@fr\/117203302396728901","error":""},"_links":{"self":[{"href":"https:\/\/www.europesays.com\/fr\/wp-json\/wp\/v2\/posts\/1163677","targetHints":{"allow":["GET"]}}],"collection":[{"href":"https:\/\/www.europesays.com\/fr\/wp-json\/wp\/v2\/posts"}],"about":[{"href":"https:\/\/www.europesays.com\/fr\/wp-json\/wp\/v2\/types\/post"}],"author":[{"embeddable":true,"href":"https:\/\/www.europesays.com\/fr\/wp-json\/wp\/v2\/users\/2"}],"replies":[{"embeddable":true,"href":"https:\/\/www.europesays.com\/fr\/wp-json\/wp\/v2\/comments?post=1163677"}],"version-history":[{"count":0,"href":"https:\/\/www.europesays.com\/fr\/wp-json\/wp\/v2\/posts\/1163677\/revisions"}],"wp:featuredmedia":[{"embeddable":true,"href":"https:\/\/www.europesays.com\/fr\/wp-json\/wp\/v2\/media\/1163678"}],"wp:attachment":[{"href":"https:\/\/www.europesays.com\/fr\/wp-json\/wp\/v2\/media?parent=1163677"}],"wp:term":[{"taxonomy":"category","embeddable":true,"href":"https:\/\/www.europesays.com\/fr\/wp-json\/wp\/v2\/categories?post=1163677"},{"taxonomy":"post_tag","embeddable":true,"href":"https:\/\/www.europesays.com\/fr\/wp-json\/wp\/v2\/tags?post=1163677"}],"curies":[{"name":"wp","href":"https:\/\/api.w.org\/{rel}","templated":true}]}}