{"id":1163679,"date":"2026-09-02T20:20:17","date_gmt":"2026-09-02T20:20:17","guid":{"rendered":"https:\/\/www.europesays.com\/fr\/1163679\/"},"modified":"2026-09-02T20:20:17","modified_gmt":"2026-09-02T20:20:17","slug":"fc-nantes-ce-qui-se-murmure-sur-les-dernieres-recrues-interpelle-deja","status":"publish","type":"post","link":"https:\/\/www.europesays.com\/fr\/1163679\/","title":{"rendered":"FC Nantes : ce qui se murmure sur les derni\u00e8res recrues interpelle d\u00e9j\u00e0"},"content":{"rendered":"<p>Le mercato s&rsquo;est ferm\u00e9 dans l&rsquo;urgence \u00e0<br \/>\nNantes, mais une information non confirm\u00e9e relance d\u00e9j\u00e0 le d\u00e9bat<br \/>\nsur les moyens employ\u00e9s.<\/p>\n<p>Le FC Nantes a boucl\u00e9 son mercato par une acc\u00e9l\u00e9ration<br \/>\nspectaculaire. Balthazar Pierret, Amin Cherni, Fod\u00e9 Doucour\u00e9 et<br \/>\nThomas Robinet ont rejoint <a href=\"https:\/\/www.football365.fr\/equipe\/nantes-46668.shtml\" rel=\"nofollow noopener\" target=\"_blank\">le groupe de<br \/>\nGr\u00e9gory Poirier<\/a> dans les derni\u00e8res heures. Cette succession<br \/>\nd\u2019arriv\u00e9es r\u00e9pond \u00e0 un besoin sportif \u00e9vident apr\u00e8s un d\u00e9but de<br \/>\nsaison tr\u00e8s difficile. Mais elle alimente aussi une interrogation<br \/>\nplus sensible sur le co\u00fbt r\u00e9el de cette reconstruction.<\/p>\n<p>Une alerte non confirm\u00e9e sur les r\u00e9mun\u00e9rations<\/p>\n<p>Le journaliste Romain Molina a affirm\u00e9 lundi sur X que le club<br \/>\nproposerait des \u00ab salaires lunaires \u00bb pour la Ligue 2, pouvant<br \/>\natteindre 50 000 euros mensuels hors primes et bonus. <a href=\"https:\/\/tribunenantaise.fr\/actus-fcnantes\/fc-nantes-mercato-des-salaires-lunaires-proposes-par-les-kita-pour-les-dernieres-recrues\/\" target=\"_blank\" rel=\"noopener nofollow\">Tribune Nantaise a relay\u00e9 cette<br \/>\npublication<\/a>, sans que le FC Nantes n\u2019y r\u00e9ponde publiquement.<br \/>\nAucun nom de joueur ni aucun contrat n\u2019a \u00e9t\u00e9 d\u00e9voil\u00e9.<\/p>\n<p>Cette r\u00e9serve est essentielle. Les montants avanc\u00e9s ne<br \/>\nconstituent pas, \u00e0 ce stade, une donn\u00e9e officiellement \u00e9tablie. Ils<br \/>\ninterrogent n\u00e9anmoins, car la rel\u00e9gation avait impos\u00e9 \u00e0 Nantes de<br \/>\nrevoir son mod\u00e8le \u00e9conomique. En recrutant \u00e0 un rythme effr\u00e9n\u00e9<br \/>\napr\u00e8s l\u2019arriv\u00e9e de Poirier, la direction semble avoir choisi de<br \/>\ns\u00e9curiser rapidement des profils jug\u00e9s capables de r\u00e9pondre \u00e0<br \/>\nl\u2019urgence sportive.<\/p>\n<p>Le vrai test commencera maintenant<\/p>\n<p>Les derni\u00e8res recrues devront d\u2019abord justifier leur arriv\u00e9e sur<br \/>\nle terrain. <a href=\"https:\/\/www.football365.fr\/ligue-2\" rel=\"nofollow noopener\" target=\"_blank\">Nantes<br \/>\nreste 18e de Ligue 2, avec une seule unit\u00e9 apr\u00e8s quatre<br \/>\njourn\u00e9es<\/a>, et le chantier d\u00e9passe largement la seule question<br \/>\ndes salaires. Mais si les r\u00e9sultats tardent, cette sortie de Molina<br \/>\nrisque de nourrir le regard critique port\u00e9 sur la gestion de<br \/>\nWaldemar et Franck Kita. La fin du mercato n\u2019a donc pas referm\u00e9<br \/>\ntous les d\u00e9bats.<\/p>\n","protected":false},"excerpt":{"rendered":"Le mercato s&rsquo;est ferm\u00e9 dans l&rsquo;urgence \u00e0 Nantes, mais une information non confirm\u00e9e relance d\u00e9j\u00e0 le d\u00e9bat sur&hellip;\n","protected":false},"author":2,"featured_media":1163680,"comment_status":"","ping_status":"","sticky":false,"template":"","format":"standard","meta":{"footnotes":"","_share_on_mastodon":"0"},"categories":[2818],"tags":[1111,11,1777,674,1011,27,766,12,2636,25],"class_list":["post-1163679","post","type-post","status-publish","format-standard","has-post-thumbnail","category-nantes","tag-actu","tag-actualites","tag-eu","tag-europe","tag-fr","tag-france","tag-nantes","tag-news","tag-pays-de-la-loire","tag-republique-francaise"],"share_on_mastodon":{"url":"https:\/\/pubeurope.com\/@fr\/117203306113868092","error":""},"_links":{"self":[{"href":"https:\/\/www.europesays.com\/fr\/wp-json\/wp\/v2\/posts\/1163679","targetHints":{"allow":["GET"]}}],"collection":[{"href":"https:\/\/www.europesays.com\/fr\/wp-json\/wp\/v2\/posts"}],"about":[{"href":"https:\/\/www.europesays.com\/fr\/wp-json\/wp\/v2\/types\/post"}],"author":[{"embeddable":true,"href":"https:\/\/www.europesays.com\/fr\/wp-json\/wp\/v2\/users\/2"}],"replies":[{"embeddable":true,"href":"https:\/\/www.europesays.com\/fr\/wp-json\/wp\/v2\/comments?post=1163679"}],"version-history":[{"count":0,"href":"https:\/\/www.europesays.com\/fr\/wp-json\/wp\/v2\/posts\/1163679\/revisions"}],"wp:featuredmedia":[{"embeddable":true,"href":"https:\/\/www.europesays.com\/fr\/wp-json\/wp\/v2\/media\/1163680"}],"wp:attachment":[{"href":"https:\/\/www.europesays.com\/fr\/wp-json\/wp\/v2\/media?parent=1163679"}],"wp:term":[{"taxonomy":"category","embeddable":true,"href":"https:\/\/www.europesays.com\/fr\/wp-json\/wp\/v2\/categories?post=1163679"},{"taxonomy":"post_tag","embeddable":true,"href":"https:\/\/www.europesays.com\/fr\/wp-json\/wp\/v2\/tags?post=1163679"}],"curies":[{"name":"wp","href":"https:\/\/api.w.org\/{rel}","templated":true}]}}