{"id":1163689,"date":"2026-09-02T20:27:31","date_gmt":"2026-09-02T20:27:31","guid":{"rendered":"https:\/\/www.europesays.com\/fr\/1163689\/"},"modified":"2026-09-02T20:27:31","modified_gmt":"2026-09-02T20:27:31","slug":"le-losc-lance-un-grand-casting-aupres-de-ses-supporters-pour-un-tournage-voici-comment-postuler","status":"publish","type":"post","link":"https:\/\/www.europesays.com\/fr\/1163689\/","title":{"rendered":"Le LOSC lance un grand casting aupr\u00e8s de ses supporters pour un tournage : voici comment postuler"},"content":{"rendered":"<p>                    Par<br \/>\n        <strong><br \/>\n            <a href=\"https:\/\/actu.fr\/auteur\/nicolas-demollien\" title=\"Consulter tous les articles de Nicolas Demollien\" rel=\"nofollow noopener\" target=\"_blank\">Nicolas Demollien<\/a><br \/>\n                    <\/strong><\/p>\n<p>        Publi\u00e9 le<\/p>\n<p>            2 sept. 2026 \u00e0 16h18        <\/p>\n<p>Et si vous tourniez pour le <a href=\"https:\/\/actu.fr\/tag\/losc-football\" rel=\"nofollow noopener\" target=\"_blank\">LOSC<\/a> ? Le club de <a href=\"https:\/\/actu.fr\/hauts-de-france\/lille_59350\" rel=\"nofollow noopener\" target=\"_blank\">Lille<\/a> (Nord) vient de lancer un <a href=\"https:\/\/actu.fr\/tag\/casting\" rel=\"nofollow noopener\" target=\"_blank\">casting<\/a> \u00e0 <b>destination de ses supporters<\/b> dans le cadre d\u2019un projet en cours. Le <b>tournage<\/b> est pr\u00e9vu au cours du mois de <b>septembre 2026<\/b>, on vous explique <b>comment postuler<\/b>.<\/p>\n<p>Le LOSC lance un casting parmi ses supporters<\/p>\n<p class=\" wall-content\">Concr\u00e8tement, le club des Dogues cherche <b>divers profils<\/b> de supporters acceptant de <b>se mettre en sc\u00e8ne pour des photos et vid\u00e9os<\/b>. De quoi passer de bons moments, se cr\u00e9er de jolis souvenirs et rendre service \u00e0 votre club pr\u00e9f\u00e9r\u00e9 !<\/p>\n<p class=\" wall-content\">Pour postuler, il vous suffit de <a href=\"https:\/\/fr4xl.share-eu1.hsforms.com\/2HlABFNXdTyuFpgxVKIeEJQ\" rel=\"nofollow noopener\" target=\"_blank\">cliquer sur ce lien<\/a> et de r\u00e9pondre \u00e0 une s\u00e9rie de questions. Vous devrez \u00e9galement envoyer des photos de vous. Attention, vous avez jusqu\u2019au dimanche 6 septembre 2026 \u00e0 23h59, ensuite il sera trop tard.<\/p>\n<p class=\" wall-content\">\n<p class=\" wall-content\">A vous de jouer !<\/p>\n<p class=\" wall-content\">Personnalisez votre actualit\u00e9 en ajoutant vos villes et m\u00e9dias en favori avec <a href=\"https:\/\/moncompte.actu.fr\" title=\"D\u00e9couvez Mon Actu\" rel=\"nofollow noopener\" data-trk=\"{&quot;cta&quot;:{&quot;action&quot;:&quot;https:\\\/\\\/moncompte.actu.fr&quot;,&quot;category&quot;:&quot;mon compte&quot;,&quot;from&quot;:&quot;article footer&quot;,&quot;name&quot;:&quot;Mon actu&quot;,&quot;type&quot;:&quot;cta&quot;}}\" target=\"_blank\">Mon Actu<\/a>.<\/p>\n","protected":false},"excerpt":{"rendered":"Par Nicolas Demollien Publi\u00e9 le 2 sept. 2026 \u00e0 16h18 Et si vous tourniez pour le LOSC ?&hellip;\n","protected":false},"author":2,"featured_media":1163690,"comment_status":"","ping_status":"","sticky":false,"template":"","format":"standard","meta":{"footnotes":"","_share_on_mastodon":"0"},"categories":[2815],"tags":[1111,11,11668,1777,674,1011,27,811,1307,4158,12,25,104],"class_list":["post-1163689","post","type-post","status-publish","format-standard","has-post-thumbnail","category-lille","tag-actu","tag-actualites","tag-casting","tag-eu","tag-europe","tag-fr","tag-france","tag-hauts-de-france","tag-lille","tag-losc-football","tag-news","tag-republique-francaise","tag-societe"],"share_on_mastodon":{"url":"https:\/\/pubeurope.com\/@fr\/117203333711886447","error":""},"_links":{"self":[{"href":"https:\/\/www.europesays.com\/fr\/wp-json\/wp\/v2\/posts\/1163689","targetHints":{"allow":["GET"]}}],"collection":[{"href":"https:\/\/www.europesays.com\/fr\/wp-json\/wp\/v2\/posts"}],"about":[{"href":"https:\/\/www.europesays.com\/fr\/wp-json\/wp\/v2\/types\/post"}],"author":[{"embeddable":true,"href":"https:\/\/www.europesays.com\/fr\/wp-json\/wp\/v2\/users\/2"}],"replies":[{"embeddable":true,"href":"https:\/\/www.europesays.com\/fr\/wp-json\/wp\/v2\/comments?post=1163689"}],"version-history":[{"count":0,"href":"https:\/\/www.europesays.com\/fr\/wp-json\/wp\/v2\/posts\/1163689\/revisions"}],"wp:featuredmedia":[{"embeddable":true,"href":"https:\/\/www.europesays.com\/fr\/wp-json\/wp\/v2\/media\/1163690"}],"wp:attachment":[{"href":"https:\/\/www.europesays.com\/fr\/wp-json\/wp\/v2\/media?parent=1163689"}],"wp:term":[{"taxonomy":"category","embeddable":true,"href":"https:\/\/www.europesays.com\/fr\/wp-json\/wp\/v2\/categories?post=1163689"},{"taxonomy":"post_tag","embeddable":true,"href":"https:\/\/www.europesays.com\/fr\/wp-json\/wp\/v2\/tags?post=1163689"}],"curies":[{"name":"wp","href":"https:\/\/api.w.org\/{rel}","templated":true}]}}