{"id":1163691,"date":"2026-09-02T20:29:30","date_gmt":"2026-09-02T20:29:30","guid":{"rendered":"https:\/\/www.europesays.com\/fr\/1163691\/"},"modified":"2026-09-02T20:29:30","modified_gmt":"2026-09-02T20:29:30","slug":"le-patron-de-larbitrage-explique-le-temps-additionnel-de-lille-psg-ligue-1-j2-lille-psg-2-2","status":"publish","type":"post","link":"https:\/\/www.europesays.com\/fr\/1163691\/","title":{"rendered":"Le patron de l\u2019arbitrage explique le temps additionnel de Lille-PSG &#8211; Ligue 1 &#8211; J2 &#8211; Lille-PSG (2-2)"},"content":{"rendered":"<p>Une pol\u00e9mique, quelle pol\u00e9mique ? Apr\u00e8s avoir craqu\u00e9 deux fois dans le temps additionnel pour voir s\u2019\u00e9chapper <a target=\"_blank\" href=\"https:\/\/www.sofoot.com\/articles\/ligue-1-lille-accroche-par-un-laborieux-psg\" rel=\"nofollow noopener\">une victoire qui leur tendait les bras contre le PSG<\/a> vendredi dernier, les Lillois l\u2019avaient mauvaise contre Eric Wattellier, accus\u00e9 d\u2019avoir laiss\u00e9 tourner le chronom\u00e8tre au-del\u00e0 des trois minutes suppl\u00e9mentaires annonc\u00e9es.<\/p>\n<p><a target=\"_blank\" href=\"https:\/\/www.sofoot.com\/breves\/ce-que-disait-larbitre-de-lille-psg-pour-justifier-le-temps-additionnel-allonge\" rel=\"nofollow noopener\">Les images de la ref cam\u00a0diffus\u00e9es par Ligue 1+<\/a> donnaient plut\u00f4t raison \u00e0 l\u2019homme au sifflet, libre de d\u00e9passer le temps annonc\u00e9 et qui avait pr\u00e9venu les joueurs lillois \u00e0 plusieurs reprises. \u00c0 l\u2019occasion de la conf\u00e9rence de rentr\u00e9e, au si\u00e8ge de la FFF, de l\u2019arbitrage fran\u00e7ais, le directeur technique Antony Gautier est \u00e9galement all\u00e9 dans ce sens.<\/p>\n<p>En accord avec les lois du jeu<\/p>\n<p>\u00ab\u202fNous sommes dans un cas de figure o\u00f9 nous avons un arbitre qui annonce trois minutes de temps additionnel, une dur\u00e9e minimale, donc rien n\u2019exclut qu\u2019il puisse aller au\u2013del\u00e0, \u00e9claire-t-il. Nous avons des dispositions tr\u00e8s claires, notamment dans la loi 7, qui pr\u00e9voient qu\u2019un arbitre peut augmenter le temps de jeu d\u2019une rencontre en fonction de diff\u00e9rents \u00e9v\u00e8nements, dont un but marqu\u00e9, une sanction disciplinaire, une \u00e9ventuelle blessure ou le fait d\u2019avoir \u00e0 g\u00e9rer des man\u0153uvres pour gagner du temps. Ces quatre \u00e9v\u00e8nements se sont produits durant le temps additionnel de vendredi. L\u2019arbitre a pris cette d\u00e9cision en conformit\u00e9 avec les Lois du jeu.\u202f\u00bb<\/p>\n<p>R\u00e8gle num\u00e9ro un : ne jamais l\u00e2cher un marquage dans la surface.<\/p>\n<p>\t\t\t\t\t\t\t\t\t\t<a class=\"lien-connexe\" href=\"https:\/\/www.sofoot.com\/breves\/ce-que-disait-larbitre-de-lille-psg-pour-justifier-le-temps-additionnel-allonge\" rel=\"nofollow noopener\" target=\"_blank\">La justification de l\u2019arbitre \u00e0 propos du temps additionnel de Lille-PSG<\/a>\t\t\t\t\t <\/p>\n<p>\t\t\t\t\t\t\tCommentaires<br \/>\n\t\t\t\t\t\t\t\tLes membres ont post\u00e9<br \/>\n\t\t\t\t\t\t\t\t21 commentaires<br \/>\n\t\t\t\t\t\t\t\tsur cet article.<br \/>\n\t\t\t\t\t\t\t\tParticipez \u00e0 la discussion<br \/>\n\t\t\t\t\t\t\t\t\t<a href=\"http:\/\/www.sofoot.com\/compte?back=https:\/\/www.sofoot.com\/breves\/ligue-1-le-patron-de-larbitrage-antony-gautier-explique-le-temps-additionnel-de-lille-psg\" rel=\"nofollow noopener\" target=\"_blank\"><br \/>\n\t\t\t\t\t\t\t\t\t\t<b>en vous connectant<\/b><br \/>\n\t\t\t\t\t\t\t\t\t<\/a>.<\/p>\n<p>\t\t\t\t\t\t\t\tVoir les<br \/>\n\t\t\t\t\t\t\t\t\t\t\t\t\t\t\t\t\t21<br \/>\n\t\t\t\t\t\t\t\t\t\t\t\t\t\t\t\tcommentaires<\/p>\n","protected":false},"excerpt":{"rendered":"Une pol\u00e9mique, quelle pol\u00e9mique ? Apr\u00e8s avoir craqu\u00e9 deux fois dans le temps additionnel pour voir s\u2019\u00e9chapper une&hellip;\n","protected":false},"author":2,"featured_media":1163692,"comment_status":"","ping_status":"","sticky":false,"template":"","format":"standard","meta":{"footnotes":"","_share_on_mastodon":"0"},"categories":[2815],"tags":[1111,47,11,61,69,65,64,1777,674,63,1011,27,811,68,66,1307,12,62,70,25,67],"class_list":["post-1163691","post","type-post","status-publish","format-standard","has-post-thumbnail","category-lille","tag-actu","tag-actualite","tag-actualites","tag-actus-football","tag-bundesliga","tag-championnats-europeens","tag-equipe-de-france","tag-eu","tag-europe","tag-football","tag-fr","tag-france","tag-hauts-de-france","tag-ligua","tag-ligue-1","tag-lille","tag-news","tag-news-foot","tag-premier-league","tag-republique-francaise","tag-serie-a"],"share_on_mastodon":{"url":"https:\/\/pubeurope.com\/@fr\/117203341553415354","error":""},"_links":{"self":[{"href":"https:\/\/www.europesays.com\/fr\/wp-json\/wp\/v2\/posts\/1163691","targetHints":{"allow":["GET"]}}],"collection":[{"href":"https:\/\/www.europesays.com\/fr\/wp-json\/wp\/v2\/posts"}],"about":[{"href":"https:\/\/www.europesays.com\/fr\/wp-json\/wp\/v2\/types\/post"}],"author":[{"embeddable":true,"href":"https:\/\/www.europesays.com\/fr\/wp-json\/wp\/v2\/users\/2"}],"replies":[{"embeddable":true,"href":"https:\/\/www.europesays.com\/fr\/wp-json\/wp\/v2\/comments?post=1163691"}],"version-history":[{"count":0,"href":"https:\/\/www.europesays.com\/fr\/wp-json\/wp\/v2\/posts\/1163691\/revisions"}],"wp:featuredmedia":[{"embeddable":true,"href":"https:\/\/www.europesays.com\/fr\/wp-json\/wp\/v2\/media\/1163692"}],"wp:attachment":[{"href":"https:\/\/www.europesays.com\/fr\/wp-json\/wp\/v2\/media?parent=1163691"}],"wp:term":[{"taxonomy":"category","embeddable":true,"href":"https:\/\/www.europesays.com\/fr\/wp-json\/wp\/v2\/categories?post=1163691"},{"taxonomy":"post_tag","embeddable":true,"href":"https:\/\/www.europesays.com\/fr\/wp-json\/wp\/v2\/tags?post=1163691"}],"curies":[{"name":"wp","href":"https:\/\/api.w.org\/{rel}","templated":true}]}}