{"id":1163697,"date":"2026-09-02T20:33:21","date_gmt":"2026-09-02T20:33:21","guid":{"rendered":"https:\/\/www.europesays.com\/fr\/1163697\/"},"modified":"2026-09-02T20:33:21","modified_gmt":"2026-09-02T20:33:21","slug":"edmond-locard-le-fondateur-de-la-police-scientifique-de-amos-frappa","status":"publish","type":"post","link":"https:\/\/www.europesays.com\/fr\/1163697\/","title":{"rendered":"\u00ab\u00a0EDMOND LOCARD, LE FONDATEUR DE LA POLICE SCIENTIFIQUE\u00a0\u00bb de Amos FRAPPA &#8211;"},"content":{"rendered":"<p>\t\t\t\t<img fetchpriority=\"high\" decoding=\"async\" width=\"632\" height=\"900\" src=\"https:\/\/www.europesays.com\/fr\/wp-content\/uploads\/2026\/09\/EDMOND-LOCARD-LE-FONDATEUR-DE-LA-POLICE-SCIENTIFIQUE-de-Amos-FRAPPA.jpg\" alt=\"\" title=\"EDMOND LOCARD, LE FONDATEUR DE LA POLICE SCIENTIFIQUE de Amos FRAPPA\"   class=\"wp-image-180644\"\/><\/p>\n<p><strong>Texte : Jacques Bruyas<\/strong> \u2013 Un demi-si\u00e8cle apr\u00e8s sa mort en 1966, Locard reste donc une l\u00e9gende, et m\u00eame, pour certains, le fondateur de la police scientifique.<\/p>\n<p>Il serait plaisant de se l\u2019imaginer, venant de son dernier domicile place d\u2019Albon, remontant le quai Saint-Antoine, s\u2019engageant avec d\u00e9lectation en la rue Grenette pour rejoindre aux Halles des Cordeliers, son jeune coll\u00e8gue policier, <strong>F\u00e9lix Beno\u00eet<\/strong>, son \u00ab\u00a0porte-plume\u00a0\u00bb de la collection polici\u00e8re \u00ab\u00a0la loup\u00e9\u00a0\u00bb, <strong>Andr\u00e9 Mure<\/strong>, ou son ami <strong>Proton de la Chapelle<\/strong> alias Robert de Fragny, adjoint au maire charg\u00e9 de la culture et compositeur avec lequel il partage sa passion pour <strong>Maurice Ravel<\/strong>. Pr\u00e9sident d\u2019innombrables associations patrimoniales, passionn\u00e9 et chercheur quant aux travers de l\u2019\u00e2me humaine, Edmond Locard se connait-il lui-m\u00eame ? Qui est donc ce m\u00e9decin lyonnais ayant travers\u00e9 l\u2019histoire du crime de la fin du XIXe au milieu du XXe si\u00e8cle ?<\/p>\n<p><strong>\u00c9ditions Affit \/ 410 pages \/ 29,90 euros.<\/strong><\/p>\n","protected":false},"excerpt":{"rendered":"Texte : Jacques Bruyas \u2013 Un demi-si\u00e8cle apr\u00e8s sa mort en 1966, Locard reste donc une l\u00e9gende, et&hellip;\n","protected":false},"author":2,"featured_media":1163698,"comment_status":"","ping_status":"","sticky":false,"template":"","format":"standard","meta":{"footnotes":"","_share_on_mastodon":"0"},"categories":[1889],"tags":[4257,1111,47,4258,11,2430,119816,1777,674,1011,27,2428,12,25],"class_list":["post-1163697","post","type-post","status-publish","format-standard","has-post-thumbnail","category-lyon","tag-0top","tag-actu","tag-actualite","tag-actualite-lyon","tag-actualites","tag-auvergne-rhone-alpes","tag-edmond-locard","tag-eu","tag-europe","tag-fr","tag-france","tag-lyon","tag-news","tag-republique-francaise"],"share_on_mastodon":{"url":"https:\/\/pubeurope.com\/@fr\/117203359081320127","error":""},"_links":{"self":[{"href":"https:\/\/www.europesays.com\/fr\/wp-json\/wp\/v2\/posts\/1163697","targetHints":{"allow":["GET"]}}],"collection":[{"href":"https:\/\/www.europesays.com\/fr\/wp-json\/wp\/v2\/posts"}],"about":[{"href":"https:\/\/www.europesays.com\/fr\/wp-json\/wp\/v2\/types\/post"}],"author":[{"embeddable":true,"href":"https:\/\/www.europesays.com\/fr\/wp-json\/wp\/v2\/users\/2"}],"replies":[{"embeddable":true,"href":"https:\/\/www.europesays.com\/fr\/wp-json\/wp\/v2\/comments?post=1163697"}],"version-history":[{"count":0,"href":"https:\/\/www.europesays.com\/fr\/wp-json\/wp\/v2\/posts\/1163697\/revisions"}],"wp:featuredmedia":[{"embeddable":true,"href":"https:\/\/www.europesays.com\/fr\/wp-json\/wp\/v2\/media\/1163698"}],"wp:attachment":[{"href":"https:\/\/www.europesays.com\/fr\/wp-json\/wp\/v2\/media?parent=1163697"}],"wp:term":[{"taxonomy":"category","embeddable":true,"href":"https:\/\/www.europesays.com\/fr\/wp-json\/wp\/v2\/categories?post=1163697"},{"taxonomy":"post_tag","embeddable":true,"href":"https:\/\/www.europesays.com\/fr\/wp-json\/wp\/v2\/tags?post=1163697"}],"curies":[{"name":"wp","href":"https:\/\/api.w.org\/{rel}","templated":true}]}}