{"id":116370,"date":"2025-05-21T08:10:09","date_gmt":"2025-05-21T08:10:09","guid":{"rendered":"https:\/\/www.europesays.com\/fr\/116370\/"},"modified":"2025-05-21T08:10:09","modified_gmt":"2025-05-21T08:10:09","slug":"meurthe-et-moselle-une-maison-de-retraite-de-nancy-evacuee-apres-un-incendie-ce-que-lon-sait","status":"publish","type":"post","link":"https:\/\/www.europesays.com\/fr\/116370\/","title":{"rendered":"Meurthe-et-Moselle. Une maison de retraite de Nancy \u00e9vacu\u00e9e apr\u00e8s un incendie, ce que l\u2019on sait"},"content":{"rendered":"<p>Plus de trois heures apr\u00e8s l\u2019incendie qui s\u2019est d\u00e9clar\u00e9 au sein du Village Saint-Joseph, un Ehpad de la Fondation Vincent de Paul \u00e0 Nancy, c\u2019est toute une portion de l\u2019avenue de Strasbourg qui est encore coup\u00e9e \u00e0 la circulation, entre la rue Mansuy-Gauvin et la rue de Vic.<\/p>\n<p>Ce contenu est bloqu\u00e9 car vous n&rsquo;avez pas accept\u00e9 les cookies et autres traceurs.<\/p>\n<p>En cliquant sur \u00ab J\u2019accepte \u00bb, les cookies et autres traceurs seront d\u00e9pos\u00e9s et vous pourrez visualiser les contenus  (<a href=\"\" class=\"consentModule_policy\" target=\"_blank\" title=\"Consulter la politique de protection des donn\u00e9es du fournisseur\">plus d&rsquo;informations<\/a>).<\/p>\n<p>En cliquant sur \u00ab J\u2019accepte tous les cookies \u00bb, vous autorisez des d\u00e9p\u00f4ts de cookies et autres traceurs pour le stockage de vos donn\u00e9es sur nos sites et applications \u00e0 des fins de personnalisation et de ciblage publicitaire.<\/p>\n<p class=\"consentModule_secondaryText\">Vous gardez la possibilit\u00e9 de retirer votre consentement \u00e0 tout moment en consultant notre <a href=\"https:\/\/www.estrepublicain.fr\/protection-des-donnees\" target=\"_blank\" title=\"Consulter notre politique de protection des donn\u00e9es\" rel=\"noopener\">politique de protection des donn\u00e9es<\/a>. <br \/>&#13;<br \/>\n            <a href=\"https:\/\/www.estrepublicain.fr\/faits-divers-justice\/2025\/05\/21\/javascript:Didomi.notice.show()\" class=\"consentModule_cmp\" target=\"_blank\" rel=\"noopener\">G\u00e9rer mes choix<\/a>&#13;\n        <\/p>\n<p>&#13;<br \/>\n                        J&rsquo;accepte&#13;<br \/>\n            J&rsquo;accepte tous les cookies&#13;\n        <\/p>\n<p>Aux alentours de six heures ce matin, un incendie aurait pris \u00e0 l\u2019ext\u00e9rieur du b\u00e2timent, avant de s\u2019infiltrer sous la toiture, dans le secteur de l\u2019unit\u00e9 de vie prot\u00e9g\u00e9e (UVP).<\/p>\n<p>D\u2019impressionnantes flammes et une \u00e9paisse fum\u00e9e se sont rapidement d\u00e9gag\u00e9es du b\u00e2timent, mobilisant l\u2019intervention de nombreux sapeurs-pompiers de la M\u00e9tropole du Grand Nancy.<\/p>\n<p>Sur place, un poste de commandement mobile a \u00e9t\u00e9 d\u00e9ploy\u00e9 et de nombreux officiers sont \u00e0 l\u2019\u0153uvre.<\/p>\n<p>Si l\u2019incendie n\u2019a fait aucune victime, 82 personnes ont \u00e9t\u00e9 \u00e9vacu\u00e9es, dont 20 de l\u2019UVP. Ces personnes seront relog\u00e9es.<\/p>\n<p>Sur place, le secr\u00e9taire g\u00e9n\u00e9ral de la pr\u00e9fecture de Meurthe-et-Moselle, Fr\u00e9d\u00e9ric Clowez coordonne avec les autres autorit\u00e9s, les op\u00e9rations de relogements mais aussi de s\u00e9curit\u00e9. Ces derni\u00e8res ont mobilis\u00e9 80 sapeurs-pompiers, 35 v\u00e9hicules, 18 policiers nationaux et 20 municipaux.<\/p>\n<p>Cette portion de l\u2019avenue restera boucl\u00e9e au moins jusqu\u2019\u00e0 19\u00a0h<\/p>\n<p>Plus d\u2019informations \u00e0 venir.<\/p>\n","protected":false},"excerpt":{"rendered":"Plus de trois heures apr\u00e8s l\u2019incendie qui s\u2019est d\u00e9clar\u00e9 au sein du Village Saint-Joseph, un Ehpad de la&hellip;\n","protected":false},"author":2,"featured_media":116371,"comment_status":"","ping_status":"","sticky":false,"template":"","format":"standard","meta":{"footnotes":""},"categories":[9635],"tags":[1111,11,1704,1777,674,274,1011,27,775,1310,3457,1702,1703,12,25],"class_list":{"0":"post-116370","1":"post","2":"type-post","3":"status-publish","4":"format-standard","5":"has-post-thumbnail","7":"category-nancy","8":"tag-actu","9":"tag-actualites","10":"tag-edition-nancy-et-agglomeration","11":"tag-eu","12":"tag-europe","13":"tag-faits-divers-justice","14":"tag-fr","15":"tag-france","16":"tag-grand-est","17":"tag-incendie","18":"tag-meurthe-et-moselle","19":"tag-nancy","20":"tag-nancy-ville-54b","21":"tag-news","22":"tag-republique-francaise"},"share_on_mastodon":{"url":"https:\/\/pubeurope.com\/@fr\/114544812037495838","error":""},"_links":{"self":[{"href":"https:\/\/www.europesays.com\/fr\/wp-json\/wp\/v2\/posts\/116370","targetHints":{"allow":["GET"]}}],"collection":[{"href":"https:\/\/www.europesays.com\/fr\/wp-json\/wp\/v2\/posts"}],"about":[{"href":"https:\/\/www.europesays.com\/fr\/wp-json\/wp\/v2\/types\/post"}],"author":[{"embeddable":true,"href":"https:\/\/www.europesays.com\/fr\/wp-json\/wp\/v2\/users\/2"}],"replies":[{"embeddable":true,"href":"https:\/\/www.europesays.com\/fr\/wp-json\/wp\/v2\/comments?post=116370"}],"version-history":[{"count":0,"href":"https:\/\/www.europesays.com\/fr\/wp-json\/wp\/v2\/posts\/116370\/revisions"}],"wp:featuredmedia":[{"embeddable":true,"href":"https:\/\/www.europesays.com\/fr\/wp-json\/wp\/v2\/media\/116371"}],"wp:attachment":[{"href":"https:\/\/www.europesays.com\/fr\/wp-json\/wp\/v2\/media?parent=116370"}],"wp:term":[{"taxonomy":"category","embeddable":true,"href":"https:\/\/www.europesays.com\/fr\/wp-json\/wp\/v2\/categories?post=116370"},{"taxonomy":"post_tag","embeddable":true,"href":"https:\/\/www.europesays.com\/fr\/wp-json\/wp\/v2\/tags?post=116370"}],"curies":[{"name":"wp","href":"https:\/\/api.w.org\/{rel}","templated":true}]}}