{"id":1163705,"date":"2026-09-02T20:40:21","date_gmt":"2026-09-02T20:40:21","guid":{"rendered":"https:\/\/www.europesays.com\/fr\/1163705\/"},"modified":"2026-09-02T20:40:21","modified_gmt":"2026-09-02T20:40:21","slug":"celine-dion-en-concert-a-paris-des-billets-sont-disponibles-a-le-revente-voici-comment-vous-en-procurer","status":"publish","type":"post","link":"https:\/\/www.europesays.com\/fr\/1163705\/","title":{"rendered":"C\u00e9line Dion en concert \u00e0 Paris : des billets sont disponibles \u00e0 le revente, voici comment vous en procurer"},"content":{"rendered":"<p>Apr\u00e8s s\u2019\u00eatre tenue \u00e0 l\u2019\u00e9cart de la vie publique pendant plusieurs ann\u00e9es \u00e0 cause du <a href=\"https:\/\/www.femmeactuelle.fr\/actu\/news-actu\/il-y-a-une-prise-de-risque-de-sa-part-celine-dion-risque-t-elle-une-rechute-lors-de-ses-concerts-a-paris-sa-neurologue-repond-2210917\" rel=\"nofollow noopener\" target=\"_blank\">syndrome de la personne raide qui la ronge<\/a>, C\u00e9line Dion avait marqu\u00e9 son grand retour musical \u00e0 Paris <a href=\"https:\/\/www.femmeactuelle.fr\/actu\/news-actu\/qu-il-vente-qu-il-neige-qu-il-pleuve-je-chanterai-la-haut-les-dessous-incertains-de-la-performance-de-celine-dion-aux-jo-racontes-par-thomas-jolly-2185963\" rel=\"nofollow noopener\" target=\"_blank\">lors des Jeux olympiques de 2024<\/a>, prenant alors d\u2019assaut la tour Eiffel pour y <a href=\"https:\/\/www.femmeactuelle.fr\/actu\/news-actu\/cela-aurait-ete-encore-plus-memorable-encore-ce-regret-etonnant-de-celine-dion-durant-sa-performance-aux-jo-de-paris-2024-2211062\" rel=\"nofollow noopener\" target=\"_blank\">chanter l\u2019Hymne \u00e0 l\u2019amour d\u2019\u00c9dith Piaf<\/a>. Une sc\u00e8ne qui avait \u00e9mu ses fans du monde entier, pour qui le message \u00e9tait tr\u00e8s clair : <strong>c\u2019est \u00e0 Paris que la diva pr\u00e9voyait de faire son come-back<\/strong> tant attendu. Un v\u0153u qui sera exauc\u00e9 <strong>d\u00e8s le 12 septembre prochain<\/strong> avec la premi\u00e8re date de <a href=\"https:\/\/www.femmeactuelle.fr\/actu\/news-actu\/celine-dion-de-retour-a-paris-ce-detail-troublant-que-son-manager-vient-de-reveler-sur-sa-voix-2211140\" rel=\"nofollow noopener\" target=\"_blank\">son incroyable r\u00e9sidence<\/a> \u00e0 la Plenitude Arena, pr\u00e9vue pour durer <strong>jusqu\u2019au 17 octobre<\/strong> \u00e0 raison de <a href=\"https:\/\/www.femmeactuelle.fr\/actu\/news-actu\/jaimerais-tellement-ce-que-celine-dion-sinterdit-de-faire-depuis-son-arrivee-a-paris-2211102\" rel=\"nofollow noopener\" target=\"_blank\">plusieurs concerts par semaine<\/a>. Et si <a href=\"https:\/\/www.femmeactuelle.fr\/actu\/news-actu\/cest-un-grand-secret-ce-que-lon-sait-deja-des-concerts-de-celine-dion-qu-elle-prepare-depuis-de-longs-mois-2211016\" rel=\"nofollow noopener\" target=\"_blank\">toutes les dates affichent d\u00e9j\u00e0 complet<\/a>, il est d\u00e9sormais \u00e0 nouveau possible d\u2019obtenir des places gr\u00e2ce \u00e0 <strong>une remise en vente massive de billets<\/strong>.<\/p>\n<p>Pour cela, les acheteurs devront <strong>se rendre sur le site o\u00f9 ils ont acquis leur billet<\/strong>, \u00e0 l&rsquo;image de Ticketmaster, AXS, Fnac Spectacles etc. Autrement, impossible d\u2019obtenir un ticket et de s\u2019assurer de sa fiabilit\u00e9, car aucun billet d\u00e9finitif n\u2019a encore \u00e9t\u00e9 g\u00e9n\u00e9r\u00e9, rappelle Le Parisien. Ils le seront peu de temps avant la date effective du concert, Ticketmaster pr\u00e9cisant par exemple que les propri\u00e9taires de billets recevront \u00ab\u00a0un mail d\u2019information d\u00e8s que les billets d\u00e9finitifs seront disponibles\u00a0\u00bb, billets qu\u2019ils pourront alors t\u00e9l\u00e9charger dans l\u2019application FanWallet. Il faut bien disposer de l\u2019acc\u00e8s \u00e0 la bo\u00eete mail li\u00e9e au billet. En outre, il sera demand\u00e9 aux personnes qui ont achet\u00e9 6 billets de <strong>se pr\u00e9senter avec l\u2019ensemble des b\u00e9n\u00e9ficiaires des tickets<\/strong> en une seule fois, et de <strong>pr\u00e9parer une pi\u00e8ce d\u2019identit\u00e9<\/strong> pour prouver qu\u2019elles sont bien \u00e0 l\u2019origine de l\u2019achat. Un moyen d\u2019\u00e9viter que les billets ne soient achet\u00e9s et revendus par des personnes mal intentionn\u00e9es. Car \u00ab\u00a0s\u2019il existe un soup\u00e7on que les billets soient achet\u00e9s par des traders professionnels non autoris\u00e9s ou que vos billets sont propos\u00e9s \u00e0 la revente en dehors de la plate-forme de revente officielle, cela sera consid\u00e9r\u00e9 comme un non-respect des conditions de vente et les billets pourraient \u00eatre annul\u00e9s \u00e0 la discr\u00e9tion du promoteur\u00a0\u00bb, pr\u00e9vient Ticketmaster. Mais de quelles places parlons-nous\u202f?<\/p>\n<p>Concerts de C\u00e9line Dion : quelles places sont propos\u00e9es \u00e0 la revente\u202f?<\/p>\n<p>Avec des prix oscillant <strong>entre 230 et 506 euros<\/strong>, sans plus-value pour les revendeurs, ces billets donnent en majorit\u00e9 acc\u00e8s \u00e0 des <strong>places situ\u00e9es dans les gradins<\/strong>, dans les tribunes hautes et basses de la salle. Il s\u2019agit de <strong>places isol\u00e9es<\/strong>, qui ne seront pas vendues c\u00f4te \u00e0 c\u00f4te avec d\u2019autres, et qui ne pourront de toute fa\u00e7on pas \u00eatre achet\u00e9es \u00e0 plusieurs car <strong>l\u2019achat d\u2019un seul ticket sera autoris\u00e9 par spectateur<\/strong>. En outre, d\u2019apr\u00e8s nos confr\u00e8res du Le Parisien, aucune place n\u2019est revendue sur le parterre, en cat\u00e9gorie Diamant ou Prestige, m\u00eame si ces billets sont \u00e9ligibles \u00e0 la revente. Une aubaine en demi-teinte donc, pour <a href=\"https:\/\/www.femmeactuelle.fr\/actu\/news-actu\/celine-dion-chante-pour-que-tu-maimes-encore-avec-ses-fans-devant-son-hotel-la-chanteuse-a-meme-effectue-quelques-pas-de-danse-2211132\" rel=\"nofollow noopener\" target=\"_blank\">les fans rest\u00e9s sur le carreau<\/a> au moment des ventes officielles, qui devrait tout de m\u00eame faire des heureux une fois la diva mont\u00e9e sur sc\u00e8ne.<\/p>\n","protected":false},"excerpt":{"rendered":"Apr\u00e8s s\u2019\u00eatre tenue \u00e0 l\u2019\u00e9cart de la vie publique pendant plusieurs ann\u00e9es \u00e0 cause du syndrome de la&hellip;\n","protected":false},"author":2,"featured_media":1163706,"comment_status":"","ping_status":"","sticky":false,"template":"","format":"standard","meta":{"footnotes":"","_share_on_mastodon":"0"},"categories":[1888],"tags":[1111,1928,11,1927,16106,1697,37830,1777,674,1011,27,12,1926,626,1925,25],"class_list":["post-1163705","post","type-post","status-publish","format-standard","has-post-thumbnail","category-paris","tag-actu","tag-actu-paris","tag-actualites","tag-actualites-paris","tag-billets","tag-concert","tag-cu00e9line-dion","tag-eu","tag-europe","tag-fr","tag-france","tag-news","tag-news-paris","tag-paris","tag-paris-news","tag-republique-francaise"],"share_on_mastodon":{"url":"https:\/\/pubeurope.com\/@fr\/117203384497758695","error":""},"_links":{"self":[{"href":"https:\/\/www.europesays.com\/fr\/wp-json\/wp\/v2\/posts\/1163705","targetHints":{"allow":["GET"]}}],"collection":[{"href":"https:\/\/www.europesays.com\/fr\/wp-json\/wp\/v2\/posts"}],"about":[{"href":"https:\/\/www.europesays.com\/fr\/wp-json\/wp\/v2\/types\/post"}],"author":[{"embeddable":true,"href":"https:\/\/www.europesays.com\/fr\/wp-json\/wp\/v2\/users\/2"}],"replies":[{"embeddable":true,"href":"https:\/\/www.europesays.com\/fr\/wp-json\/wp\/v2\/comments?post=1163705"}],"version-history":[{"count":0,"href":"https:\/\/www.europesays.com\/fr\/wp-json\/wp\/v2\/posts\/1163705\/revisions"}],"wp:featuredmedia":[{"embeddable":true,"href":"https:\/\/www.europesays.com\/fr\/wp-json\/wp\/v2\/media\/1163706"}],"wp:attachment":[{"href":"https:\/\/www.europesays.com\/fr\/wp-json\/wp\/v2\/media?parent=1163705"}],"wp:term":[{"taxonomy":"category","embeddable":true,"href":"https:\/\/www.europesays.com\/fr\/wp-json\/wp\/v2\/categories?post=1163705"},{"taxonomy":"post_tag","embeddable":true,"href":"https:\/\/www.europesays.com\/fr\/wp-json\/wp\/v2\/tags?post=1163705"}],"curies":[{"name":"wp","href":"https:\/\/api.w.org\/{rel}","templated":true}]}}