{"id":1163711,"date":"2026-09-02T20:45:50","date_gmt":"2026-09-02T20:45:50","guid":{"rendered":"https:\/\/www.europesays.com\/fr\/1163711\/"},"modified":"2026-09-02T20:45:50","modified_gmt":"2026-09-02T20:45:50","slug":"drones-retrouves-a-laeroport-de-leipzig-lenquete-permet-didentifier-deux-suspects-au-passeport-russe","status":"publish","type":"post","link":"https:\/\/www.europesays.com\/fr\/1163711\/","title":{"rendered":"Drones retrouv\u00e9s \u00e0 l&rsquo;a\u00e9roport de Leipzig : l&rsquo;enqu\u00eate permet d&rsquo;identifier deux suspects au passeport russe"},"content":{"rendered":"<ul class=\"jsx-25100651 ArticleChapo__List\">\n<li class=\"jsx-25100651 ArticleChapo__List_Item flex\">D\u00e9but ao\u00fbt, deux drones avec des traces d&rsquo;explosifs ont \u00e9t\u00e9 retrouv\u00e9s \u00e0 l&rsquo;a\u00e9roport de Leipzig, en Allemagne.<\/li>\n<li class=\"jsx-25100651 ArticleChapo__List_Item flex\">Apr\u00e8s plusieurs semaines d&rsquo;enqu\u00eate, la police allemande a identifi\u00e9 l&rsquo;ADN de deux hommes au passeport russe, suspect\u00e9s d&rsquo;une tentative d&rsquo;attentat.<\/li>\n<\/ul>\n<p><a href=\"https:\/\/www.tf1info.fr\/actualite\/invasion-de-l-ukraine-par-la-russie-une-guerre-qui-dure-12951\/\" rel=\"nofollow noopener\" class=\"jsx-2067374227 Link jsx-2275206292 jsx-2398283886\" target=\"_blank\"><\/p>\n<p style=\"font-weight:400\" class=\"jsx-3580589320\">Suivez la couverture compl\u00e8te<\/p>\n<p style=\"font-weight:800\" class=\"jsx-3580589320\">Ukraine : la guerre entre dans sa 5\u1d49 ann\u00e9e<\/p>\n<p><\/a><a href=\"https:\/\/www.google.com\/preferences\/source?q=tf1info.fr\" class=\"jsx-2150648137 jsx-976369737 ActionButton ActionButton--withBorder\" rel=\"nofollow noopener\" target=\"_blank\"><\/p>\n<p> Ajoutez TF1info \u00e0 vos sources sur Google <\/p>\n<p><\/a><\/p>\n<p id=\"body-_R_17v7tm_-block-6\" data-module=\"article-paragraph\" class=\"jsx-2921227388 Paragraph Paragraph__End\">L&rsquo;\u00e9tau se resserre. L&rsquo;Allemagne a annonc\u00e9 <a href=\"https:\/\/www.tf1info.fr\/international\/drones-retrouves-a-l-aeroport-de-leipzig-l-allemagne-accuse-formellement-la-russie-2461734.html\" rel=\"nofollow noopener\" target=\"_blank\">des mesures de r\u00e9torsion contre la Russie<\/a> mardi 1er septembre, apr\u00e8s avoir ouvertement accus\u00e9 Moscou d&rsquo;avoir envoy\u00e9 un drone charg\u00e9 d&rsquo;explosifs au d\u00e9but du mois d&rsquo;ao\u00fbt \u00e0 l&rsquo;a\u00e9roport de Leipzig, plateforme militaire capitale pour l&rsquo;arm\u00e9e allemande et pour l&rsquo;Otan. Ce mercredi 2 septembre, trois m\u00e9dias allemands ont assur\u00e9 que la police avait identifi\u00e9 l&rsquo;ADN de deux hommes au passeport russe, soup\u00e7onn\u00e9s d&rsquo;une tentative d&rsquo;attentat.<\/p>\n<p id=\"body-_R_17v7tm_-block-8\" data-module=\"article-paragraph\" class=\"jsx-2921227388 Paragraph Paragraph__End\">Les deux hommes auraient \u00e9t\u00e9 identifi\u00e9s gr\u00e2ce \u00e0 des traces ADN retrouv\u00e9es par la police scientifique sur un drone, dans une bo\u00eete de conserve remplie d&rsquo;explosifs et sur une antenne fix\u00e9e \u00e0 un arbre dans les environs de l&rsquo;a\u00e9roport, indiquent les groupes publics audiovisuels NDR et WDR. Les bases de donn\u00e9es ont ensuite permis d&rsquo;\u00e9tablir des correspondances en Lituanie et en Finlande, corrobor\u00e9es par les informations des services de renseignement. Selon les m\u00eames sources, un drone charg\u00e9 d&rsquo;explosifs a \u00e9t\u00e9 d\u00e9couvert dans une zone s\u00e9curis\u00e9e \u00e0 proximit\u00e9 de plusieurs avions-cargos ukrainiens et un autre drone aurait \u00e9t\u00e9 d\u00e9couvert pr\u00e8s de l&rsquo;a\u00e9roport, \u00e9galement avec des traces de substances explosives.<\/p>\n<p>Reconstitution de l&rsquo;itin\u00e9raire des suspects jusqu&rsquo;en Allemagne<\/p>\n<p id=\"body-_R_17v7tm_-block-12\" data-module=\"article-paragraph\" class=\"jsx-2921227388 Paragraph Paragraph__End\">Selon le journal <a href=\"https:\/\/www.sueddeutsche.de\/politik\/leipzig-drohnen-anschlag-sprengstoff-russland-ermittlungen-low-level-agenten-hybrider-krieg-li.3540108\" target=\"_blank\" rel=\"nofollow noopener\">S\u00fcddeutsche Zeitung (nouvelle fen\u00eatre)<\/a> (SZ), \u00a0le premier suspect, de nationalit\u00e9 bi\u00e9lorusse et poss\u00e9dant aussi un passeport russe, serait entr\u00e9 dans l&rsquo;espace Schengen muni d&rsquo;un visa touristique italien d\u00e9livr\u00e9 \u00e0 Minsk, en Bi\u00e9lorussie. Interrog\u00e9 sur la d\u00e9livrance de ce visa en marge de la rencontre des ministres des Affaires \u00e9trang\u00e8res de l&rsquo;Union europ\u00e9enne \u00e0 Wicklow, en Irlande, l&rsquo;Italien Antonio Tajani a promis \u00ab\u00a0tous les contr\u00f4les n\u00e9cessaires\u00a0\u00bb, nuan\u00e7ant cependant que \u00ab\u00a0s&rsquo;il n&rsquo;y a aucun signalement sur les individus concern\u00e9s, le visa est accord\u00e9\u00a0\u00bb.\u00a0<\/p>\n<p id=\"body-_R_17v7tm_-block-13\" data-module=\"article-paragraph\" class=\"jsx-2921227388 Paragraph Paragraph__End\">Le second suspect, qui poss\u00e9derait un passeport letton et un passeport russe, serait n\u00e9 en Russie. Il aurait agi comme logisticien et instructeur de l&rsquo;attaque. Arriv\u00e9 \u00e0 la fin du mois de juillet en Allemagne, l&rsquo;homme aurait lou\u00e9 une voiture pour se rendre dans la r\u00e9gion de Leipzig avant de quitter le territoire deux jours avant l&rsquo;attaque pr\u00e9sum\u00e9e, pr\u00e9cise la presse allemande.<\/p>\n<p id=\"body-_R_17v7tm_-block-16\" data-module=\"article-paragraph\" class=\"jsx-2921227388 Paragraph Paragraph__End\">Alors que l&rsquo;invasion de l&rsquo;Ukraine par la Russie est largement entr\u00e9e <a href=\"https:\/\/www.tf1info.fr\/international\/document-lci-guerre-en-ukraine-avec-les-drones-de-kiev-pilotes-par-ia-intelligence-artificielle-2460377.html\" rel=\"nofollow noopener\" target=\"_blank\">dans sa cinqui\u00e8me ann\u00e9e<\/a>, Kiev, devenue pionni\u00e8re mondiale de <a href=\"https:\/\/www.tf1info.fr\/international\/video-ils-sont-necessaires-pour-epargner-des-vies-humaines-les-drones-terrestres-la-nouvelle-arme-de-l-ukraine-2457071.html\" rel=\"nofollow noopener\" target=\"_blank\">la guerre par drones<\/a>, s&rsquo;est dite \u00ab\u00a0pr\u00eate \u00e0 aider\u00a0\u00bb l&rsquo;Allemagne avec son \u00ab\u00a0expertise\u00a0\u00bb et son \u00ab\u00a0exp\u00e9rience\u00a0\u00bb, a assur\u00e9 Volodymyr Zelensky sur le r\u00e9seau social X.<\/p>\n<p><a href=\"https:\/\/www.tf1info.fr\/international\/presidentielle-2027-la-russie-accuse-des-candidats-d-agiter-la-menace-russe-sans-raison-2460368.html\" rel=\"nofollow noopener\" class=\"jsx-958316424 Link flex\" target=\"_blank\"><img decoding=\"async\" src=\"https:\/\/www.europesays.com\/fr\/wp-content\/uploads\/2026\/09\/desinformation-russie-jta-illustr-0b50f0-0@1x.jpeg\" alt=\"DESINFORMATION RUSSIE JTA ILLUSTR\" loading=\"lazy\" importance=\"low\" fetchpriority=\"low\" class=\"\" copyright=\"TF1\" aria-hidden=\"true\"\/><\/p>\n<p class=\"jsx-4054529586 ReadMoreArticle__Title\">Lire aussi<\/p>\n<p class=\"jsx-4054529586\">Pr\u00e9sidentielle 2027 : la Russie accuse des candidats d&rsquo;agiter la \u00ab\u00a0menace russe\u00a0\u00bb sans raison<\/p>\n<p><\/a><\/p>\n<p id=\"body-_R_17v7tm_-block-18\" data-module=\"article-paragraph\" class=\"jsx-2921227388 Paragraph Paragraph__End\">Accus\u00e9e par l&rsquo;Allemagne d&rsquo;avoir pilot\u00e9 une tentative d&rsquo;attentat \u00e0 Leipzig, la Russie de Vladimir Poutine a d\u00e9nonc\u00e9 mardi une \u00ab\u00a0nouvelle erreur grossi\u00e8re\u00a0\u00bb de la part de Berlin, devenue le premier soutien financier de l&rsquo;Ukraine. La diplomatie russe a annonc\u00e9 ce mercredi avoir convoqu\u00e9 le charg\u00e9 d&rsquo;affaires allemand \u00e0 Moscou.\u00a0<\/p>\n","protected":false},"excerpt":{"rendered":"D\u00e9but ao\u00fbt, deux drones avec des traces d&rsquo;explosifs ont \u00e9t\u00e9 retrouv\u00e9s \u00e0 l&rsquo;a\u00e9roport de Leipzig, en Allemagne. Apr\u00e8s&hellip;\n","protected":false},"author":2,"featured_media":1163712,"comment_status":"","ping_status":"","sticky":false,"template":"","format":"standard","meta":{"footnotes":"","_share_on_mastodon":"0"},"categories":[1591],"tags":[1111,11,672,1921,1887,1922,8201,17524,12,136,1885,1886,132,220,101034,364,133,1920,135,134],"class_list":["post-1163711","post","type-post","status-publish","format-standard","has-post-thumbnail","category-russie","tag-actu","tag-actualites","tag-allemagne","tag-article-video","tag-federation-de-russie","tag-info","tag-ingerence-etrangere","tag-leipzig","tag-news","tag-otan","tag-russia","tag-russian-federation","tag-russie","tag-ukraine","tag-ukraine-une-5-annee-de-guerre-et-pas-de-paix-en-vue","tag-union-europeenne","tag-video","tag-video-international","tag-vladimir-poutine","tag-volodymyr-zelensky"],"share_on_mastodon":{"url":"https:\/\/pubeurope.com\/@fr\/117203406273392923","error":""},"_links":{"self":[{"href":"https:\/\/www.europesays.com\/fr\/wp-json\/wp\/v2\/posts\/1163711","targetHints":{"allow":["GET"]}}],"collection":[{"href":"https:\/\/www.europesays.com\/fr\/wp-json\/wp\/v2\/posts"}],"about":[{"href":"https:\/\/www.europesays.com\/fr\/wp-json\/wp\/v2\/types\/post"}],"author":[{"embeddable":true,"href":"https:\/\/www.europesays.com\/fr\/wp-json\/wp\/v2\/users\/2"}],"replies":[{"embeddable":true,"href":"https:\/\/www.europesays.com\/fr\/wp-json\/wp\/v2\/comments?post=1163711"}],"version-history":[{"count":0,"href":"https:\/\/www.europesays.com\/fr\/wp-json\/wp\/v2\/posts\/1163711\/revisions"}],"wp:featuredmedia":[{"embeddable":true,"href":"https:\/\/www.europesays.com\/fr\/wp-json\/wp\/v2\/media\/1163712"}],"wp:attachment":[{"href":"https:\/\/www.europesays.com\/fr\/wp-json\/wp\/v2\/media?parent=1163711"}],"wp:term":[{"taxonomy":"category","embeddable":true,"href":"https:\/\/www.europesays.com\/fr\/wp-json\/wp\/v2\/categories?post=1163711"},{"taxonomy":"post_tag","embeddable":true,"href":"https:\/\/www.europesays.com\/fr\/wp-json\/wp\/v2\/tags?post=1163711"}],"curies":[{"name":"wp","href":"https:\/\/api.w.org\/{rel}","templated":true}]}}