{"id":1163720,"date":"2026-09-02T20:52:26","date_gmt":"2026-09-02T20:52:26","guid":{"rendered":"https:\/\/www.europesays.com\/fr\/1163720\/"},"modified":"2026-09-02T20:52:26","modified_gmt":"2026-09-02T20:52:26","slug":"pourquoi-lotan-fait-profil-bas-face-aux-attaques-hybrides-russes-en-europe","status":"publish","type":"post","link":"https:\/\/www.europesays.com\/fr\/1163720\/","title":{"rendered":"Pourquoi l\u2019Otan fait profil bas face aux attaques hybrides russes en Europe"},"content":{"rendered":"<p>\n    <strong>D\u00c9CRYPTAGE <\/strong>&#8211; Les incidents se sont multipli\u00e9s ces derniers mois. Notamment cette attaque manqu\u00e9e, d\u00e9but ao\u00fbt, au moyen d\u2019un drone charg\u00e9 d\u2019explosifs sur l\u2019a\u00e9roport de Leipzig. Au-del\u00e0 de la condamnation rh\u00e9torique, la r\u00e9ponse \u00e0 cette surench\u00e8re agressive se fait attendre.<\/p>\n<p class=\"fig-paragraph\">L\u2019attaque manqu\u00e9e, d\u00e9but ao\u00fbt, au moyen d\u2019un drone charg\u00e9 d\u2019explosifs sur l\u2019a\u00e9roport de Leipzig,\u00a0<a href=\"http:\/\/www.lefigaro.fr\/international\/drone-leste-d-explosifs-a-l-aeroport-de-leipzig-l-allemagne-accuse-la-russie-20260901\" data-fig-type=\"NewsFlash\" data-gtm-custom-categorie=\"navigation\" data-gtm-custom-action=\"crossclick\" data-gtm-custom-label=\"Contextuel\" data-gtm-event=\"customEventSPE\" data-fig-domain=\"LEFIGARO\" rel=\"nofollow noopener\" target=\"_blank\">imput\u00e9e mardi par le gouvernement allemand \u00e0 Moscou<\/a>, \u00ab\u00a0marque une nouvelle escalade sur le sol europ\u00e9en, directement attribu\u00e9e \u00e0 la Russie\u00a0\u00bb, selon\u00a0<a href=\"https:\/\/video.lefigaro.fr\/figaro\/international\/drone-charge-d-explosifs-a-l-aeroport-de-leipzig-l-ue-denonce-un-acte-de-terrorisme-soutenu-par-un-etat-20260902\" data-fig-type=\"Video\" data-gtm-custom-categorie=\"navigation\" data-gtm-custom-action=\"crossclick\" data-gtm-custom-label=\"Contextuel\" data-gtm-event=\"customEventSPE\" data-fig-domain=\"LEFIGARO\" rel=\"nofollow noopener\" target=\"_blank\">Ursula von\u00a0der\u00a0Leyen<\/a>, pr\u00e9sidente de la Commission europ\u00e9enne. Une \u00ab\u00a0attaque perp\u00e9tr\u00e9e \u00e0 l\u2019aide de mat\u00e9riel de qualit\u00e9 militaire par des agents russes\u00a0\u00bb, a-t-elle insist\u00e9. Un \u00ab\u00a0acte de terrorisme d\u2019\u00c9tat\u00a0\u00bb, a qualifi\u00e9 pour sa part Kaja Kallas, chef de la diplomatie europ\u00e9enne. Et pourtant, les r\u00e9ponses, \u00e0 ce stade, se limitent \u00e0 la panoplie habituelle du froncement de sourcils diplomatique\u00a0: ambassadeur convoqu\u00e9, consulat et centre culturel ferm\u00e9s, menace de nouvelles sanctions \u00e9conomiques\u2026<\/p>\n<p class=\"fig-paragraph\">Explosion dans une usine de munitions en Italie le 13\u00a0ao\u00fbt,\u00a0<a href=\"http:\/\/www.lefigaro.fr\/international\/derriere-la-chute-d-un-missile-russe-en-pologne-la-defense-aerienne-de-l-otan-a-l-epreuve-des-menaces-de-moscou-20260730\" data-fig-type=\"Article\" data-gtm-custom-categorie=\"navigation\" data-gtm-custom-action=\"crossclick\" data-gtm-custom-label=\"Contextuel\" data-gtm-event=\"customEventSPE\" data-fig-domain=\"LEFIGARO\" rel=\"nofollow noopener\" target=\"_blank\">chute d\u2019un missile de croisi\u00e8re russe en Pologne<\/a>\u00a0le 30\u00a0juillet, incendies dans des usines d\u2019armement en Bulgarie et en Estonie, tirs de semonce d\u2019une fr\u00e9gate russe contre un voilier dans\u2026<\/p>\n<p class=\"fig-premium-paywall__infos\">\n        Cet article est r\u00e9serv\u00e9 aux abonn\u00e9s.        Il vous reste 84% \u00e0 d\u00e9couvrir.\n    <\/p>\n<p>                <img  data- alt=\"Le Figaro\" class=\"fig-img--complete fig-img\"\/><\/p>\n<p class=\"fig-premium-paywall__title\">Vente Flash<\/p>\n<p class=\"fig-premium-paywall__subtitle\">-70% sur votre abonnement. Sans engagement.<\/p>\n<p class=\"fig-premium-paywall__connect\">\n                D\u00e9j\u00e0 abonn\u00e9\u00a0?                <a class=\"fig-premium-paywall__connect-link\" href=\"https:\/\/connect.lefigaro.fr\/login?client=horizon_web&amp;type=main&amp;redirect_uri=https%3A%2F%2Fwww.lefigaro.fr%2Finternational%2Fpourquoi-l-otan-fait-profil-bas-face-aux-attaques-hybrides-russes-en-europe-20260902\" data-js-gtm=\"{&quot;event&quot;:&quot;customEventGA4&quot;,&quot;eventName&quot;:&quot;click_action&quot;,&quot;feature&quot;:&quot;paywall&quot;,&quot;location&quot;:&quot;paywall&quot;,&quot;button_action&quot;:&quot;connect&quot;,&quot;click_text&quot;:&quot;Connectez-vous&quot;}\" rel=\"nofollow noopener\" target=\"_blank\"><br \/>\n                    Connectez-vous<br \/>\n                <\/a>\n            <\/p>\n","protected":false},"excerpt":{"rendered":"D\u00c9CRYPTAGE &#8211; Les incidents se sont multipli\u00e9s ces derniers mois. Notamment cette attaque manqu\u00e9e, d\u00e9but ao\u00fbt, au moyen&hellip;\n","protected":false},"author":2,"featured_media":1163721,"comment_status":"","ping_status":"","sticky":false,"template":"","format":"standard","meta":{"footnotes":"","_share_on_mastodon":"0"},"categories":[1586],"tags":[11,1777,674,1011,27,49442,12,136,25],"class_list":["post-1163720","post","type-post","status-publish","format-standard","has-post-thumbnail","category-europe","tag-actualites","tag-eu","tag-europe","tag-fr","tag-france","tag-guerre-hybride","tag-news","tag-otan","tag-republique-francaise"],"share_on_mastodon":{"url":"https:\/\/pubeurope.com\/@fr\/117203431840681876","error":""},"_links":{"self":[{"href":"https:\/\/www.europesays.com\/fr\/wp-json\/wp\/v2\/posts\/1163720","targetHints":{"allow":["GET"]}}],"collection":[{"href":"https:\/\/www.europesays.com\/fr\/wp-json\/wp\/v2\/posts"}],"about":[{"href":"https:\/\/www.europesays.com\/fr\/wp-json\/wp\/v2\/types\/post"}],"author":[{"embeddable":true,"href":"https:\/\/www.europesays.com\/fr\/wp-json\/wp\/v2\/users\/2"}],"replies":[{"embeddable":true,"href":"https:\/\/www.europesays.com\/fr\/wp-json\/wp\/v2\/comments?post=1163720"}],"version-history":[{"count":0,"href":"https:\/\/www.europesays.com\/fr\/wp-json\/wp\/v2\/posts\/1163720\/revisions"}],"wp:featuredmedia":[{"embeddable":true,"href":"https:\/\/www.europesays.com\/fr\/wp-json\/wp\/v2\/media\/1163721"}],"wp:attachment":[{"href":"https:\/\/www.europesays.com\/fr\/wp-json\/wp\/v2\/media?parent=1163720"}],"wp:term":[{"taxonomy":"category","embeddable":true,"href":"https:\/\/www.europesays.com\/fr\/wp-json\/wp\/v2\/categories?post=1163720"},{"taxonomy":"post_tag","embeddable":true,"href":"https:\/\/www.europesays.com\/fr\/wp-json\/wp\/v2\/tags?post=1163720"}],"curies":[{"name":"wp","href":"https:\/\/api.w.org\/{rel}","templated":true}]}}