{"id":1163743,"date":"2026-09-02T21:12:26","date_gmt":"2026-09-02T21:12:26","guid":{"rendered":"https:\/\/www.europesays.com\/fr\/1163743\/"},"modified":"2026-09-02T21:12:26","modified_gmt":"2026-09-02T21:12:26","slug":"il-etait-une-fois-nos-festivals-julie-zenatti-le-public-des-hautes-alpes-vous-tend-la-main","status":"publish","type":"post","link":"https:\/\/www.europesays.com\/fr\/1163743\/","title":{"rendered":"Il \u00e9tait une fois nos festivals. Julie Zenatti\u00a0: \u00ab Le public des Hautes-Alpes\u00a0vous tend la main\u00a0\u00bb"},"content":{"rendered":"<p>Elle a beaucoup vadrouill\u00e9 \u00e0 travers le Sud mais un coin lui \u00e9tait encore m\u00e9connu. Il restait \u00e0 Julie Zenatti la d\u00e9couverte des Hautes-Alpes et de ses paysages. Elle en est tomb\u00e9e amoureuse apr\u00e8s deux concerts \u00e0 Embrun en mars de l\u2019ann\u00e9e derni\u00e8re. \u00ab\u00a0Je me souviens avoir \u00e9t\u00e9 totalement fascin\u00e9e par les reliefs et la lumi\u00e8re la premi\u00e8re fois que je suis venue \u00bb, se rappelle la chanteuse.\u00a0<\/p>\n<p>Un nouveau territoire et un nouveau public. Une fois sur sc\u00e8ne, l\u2019alchimie s\u2019est cr\u00e9\u00e9e. Elle se souvient de spectateurs qui l\u2019ont accueillie les bras ouverts. \u00ab\u00a0Je ne savais pas \u00e0 quoi m\u2019attendre, et finalement c\u2019est un public surprenant qui vous tend la main. Les personnes avaient fait de la route pour venir et ils r\u00e9pondaient bien pr\u00e9sents.\u00a0\u00bb<\/p>\n<p>\u00ab\u00a0Un public surprenant et accueillant\u00a0\u00bb<\/p>\n<p>Initialement, il n\u2019y avait qu\u2019un seul&#8230;<\/p>\n","protected":false},"excerpt":{"rendered":"Elle a beaucoup vadrouill\u00e9 \u00e0 travers le Sud mais un coin lui \u00e9tait encore m\u00e9connu. Il restait \u00e0&hellip;\n","protected":false},"author":2,"featured_media":1163744,"comment_status":"","ping_status":"","sticky":false,"template":"","format":"standard","meta":{"footnotes":"","_share_on_mastodon":"0"},"categories":[1355],"tags":[12923,1687,58,4521,29542,52067,59,107,1011,27,329,881,1361,873,119856,4604,273,96035,3140],"class_list":["post-1163743","post","type-post","status-publish","format-standard","has-post-thumbnail","category-musique","tag-briancon","tag-culture-loisirs","tag-divertissement","tag-edition-hautes-alpes-alpes-de-haute-provence","tag-embrun","tag-embrun-bassin","tag-entertainment","tag-fil-info","tag-fr","tag-france","tag-france-monde","tag-hautes-alpes","tag-music","tag-musique","tag-pra-loup","tag-selection-abonne","tag-selection-de-la-redaction","tag-selection-de-la-redaction-alpes-du-sud","tag-spectacle"],"share_on_mastodon":{"url":"https:\/\/pubeurope.com\/@fr\/117203510700844378","error":""},"_links":{"self":[{"href":"https:\/\/www.europesays.com\/fr\/wp-json\/wp\/v2\/posts\/1163743","targetHints":{"allow":["GET"]}}],"collection":[{"href":"https:\/\/www.europesays.com\/fr\/wp-json\/wp\/v2\/posts"}],"about":[{"href":"https:\/\/www.europesays.com\/fr\/wp-json\/wp\/v2\/types\/post"}],"author":[{"embeddable":true,"href":"https:\/\/www.europesays.com\/fr\/wp-json\/wp\/v2\/users\/2"}],"replies":[{"embeddable":true,"href":"https:\/\/www.europesays.com\/fr\/wp-json\/wp\/v2\/comments?post=1163743"}],"version-history":[{"count":0,"href":"https:\/\/www.europesays.com\/fr\/wp-json\/wp\/v2\/posts\/1163743\/revisions"}],"wp:featuredmedia":[{"embeddable":true,"href":"https:\/\/www.europesays.com\/fr\/wp-json\/wp\/v2\/media\/1163744"}],"wp:attachment":[{"href":"https:\/\/www.europesays.com\/fr\/wp-json\/wp\/v2\/media?parent=1163743"}],"wp:term":[{"taxonomy":"category","embeddable":true,"href":"https:\/\/www.europesays.com\/fr\/wp-json\/wp\/v2\/categories?post=1163743"},{"taxonomy":"post_tag","embeddable":true,"href":"https:\/\/www.europesays.com\/fr\/wp-json\/wp\/v2\/tags?post=1163743"}],"curies":[{"name":"wp","href":"https:\/\/api.w.org\/{rel}","templated":true}]}}