{"id":1163752,"date":"2026-09-02T21:18:21","date_gmt":"2026-09-02T21:18:21","guid":{"rendered":"https:\/\/www.europesays.com\/fr\/1163752\/"},"modified":"2026-09-02T21:18:21","modified_gmt":"2026-09-02T21:18:21","slug":"poco-f9-ultra-vs-f9-pro-prix-specs-et-comparatif","status":"publish","type":"post","link":"https:\/\/www.europesays.com\/fr\/1163752\/","title":{"rendered":"POCO F9 Ultra vs F9 Pro : prix, specs et comparatif"},"content":{"rendered":"<p class=\"wp-block-paragraph\"><strong>POCO lance les F9 Ultra et F9 Pro \u00e0 1 103 euros et 903 euros, avec une offre de lancement \u00e0 829 <strong>euros<\/strong> et 739 euros<\/strong> <strong>jusqu\u2019au 21 septembre 2026. Les deux smartphones gaming partagent un \u00e9cran rafra\u00eechi \u00e0 185 Hz, un capteur principal de 200 Mpx, une charge 100 W et une \u00e9tanch\u00e9it\u00e9 IP68. Pendant l\u2019offre de lancement, 90 euros seulement les s\u00e9parent. Le Pro garde-t-il un int\u00e9r\u00eat \u00e0 ce tarif ?<\/strong><\/p>\n<p class=\"wp-block-paragraph\">POCO pr\u00e9sente ce 1er septembre deux mod\u00e8les taill\u00e9s pour le jeu : un <strong><a href=\"https:\/\/fliz.ly\/gZMpb_w\" target=\"_blank\" rel=\"noreferrer noopener sponsored nofollow\">F9 Ultra<\/a><\/strong> de <strong>6,9 pouces<\/strong> et un <strong><a href=\"https:\/\/fliz.ly\/Rpyea_w\" target=\"_blank\" rel=\"noreferrer noopener sponsored nofollow\">F9 Pro<\/a><\/strong> de <strong>6,59 pouces<\/strong>. La hi\u00e9rarchie des noms laisse attendre deux appareils \u00e9loign\u00e9s. Les fiches techniques racontent autre chose : <strong>l\u2019essentiel des caract\u00e9ristiques est commun aux deux mod\u00e8les<\/strong>, et l\u2019\u00e9cart se concentre sur quelques postes.<\/p>\n<p><img loading=\"lazy\" decoding=\"async\" width=\"1206\" height=\"679\" src=\"data:image\/svg+xml,%3Csvg%20xmlns=\" http:=\"\" alt=\"POCO F9 Pro\" class=\"wp-image-183370\" data-lazy- data-lazy- data-lazy-src=\"https:\/\/www.europesays.com\/fr\/wp-content\/uploads\/2026\/09\/poco-f9-pro-1206x679.png\"\/>Le POCO F9 Pro \u00a9 POCO<\/p>\n<p>90 \u20ac d\u2019\u00e9cart au lancement : ce que les deux POCO F9 partagent, et ce qui les s\u00e9pare<\/p>\n<p class=\"wp-block-paragraph\">Les deux t\u00e9l\u00e9phones embarquent le m\u00eame <strong>capteur principal de 200 Mpx<\/strong>, avec ouverture f\/1.68 et stabilisation optique, la m\u00eame dalle <strong>POCO HyperRGB<\/strong> \u00e0 <strong>185 Hz<\/strong>, le m\u00eame <strong>\u00e9chantillonnage tactile instantan\u00e9<\/strong> de <strong>4 800 Hz<\/strong>, la m\u00eame <strong>charge filaire 100 W<\/strong> et <strong>sans fil 50 W<\/strong>, la m\u00eame <strong>\u00e9tanch\u00e9it\u00e9 IP68<\/strong> et le m\u00eame \u00e9cosyst\u00e8me <strong>HyperOS 3<\/strong>. <\/p>\n<p class=\"wp-block-paragraph\">La puce, une <strong>Snapdragon 8 Elite Gen 5<\/strong> des deux c\u00f4t\u00e9s, diff\u00e8re seulement sur l\u2019\u00e9tiquette : le Pro re\u00e7oit une <strong>variante V series<\/strong>, r\u00e9f\u00e9renc\u00e9e SM8850-1-AB, mais POCO lui annonce la m\u00eame architecture et la m\u00eame fr\u00e9quence maximale de <strong>4,6 GHz<\/strong>.<\/p>\n<p class=\"wp-block-paragraph\">Quatre postes s\u00e9parent r\u00e9ellement ces deux nouveaux t\u00e9l\u00e9phones.<\/p>\n<ul class=\"wp-block-list\">\n<li>L\u2019<strong>ultra grand-angle<\/strong> d\u2019abord : <strong>50 Mpx<\/strong> \u00e0 f\/2.4 sur l\u2019Ultra, <strong>8 Mpx<\/strong> \u00e0 f\/2.25 sur le Pro. La diff\u00e9rence se ressentira n\u00e9cessairement sur la qualit\u00e9 d\u2019image, et peut faire pencher en faveur de l\u2019Ultra si la polyvalence photographique est votre cheval de bataille.<\/li>\n<li>La batterie ensuite : <strong>8 050 mAh<\/strong> pour l\u2019Ultra contre <strong>6 330 mAh<\/strong> pour le Pro, soit 1 720 mAh d\u2019\u00e9cart pour 29 g de plus. La capacit\u00e9 de la batterie ne faisant pas tout, le gain en autonomie r\u00e9elle restera \u00e0 confirmer par les tests.<\/li>\n<li>L\u2019audio, avec un <strong>caisson de basses ind\u00e9pendant<\/strong> que seul l\u2019Ultra embarque. <\/li>\n<li>L\u2019\u00e9cran enfin, et c\u2019est la diff\u00e9rence la plus visible : <strong>6,9 pouces<\/strong> sur l\u2019Ultra contre <strong>6,59 <\/strong>sur le Pro.<\/li>\n<\/ul>\n<p><img loading=\"lazy\" decoding=\"async\" width=\"1206\" height=\"603\" src=\"data:image\/svg+xml,%3Csvg%20xmlns=\" http:=\"\" alt=\"Haut-parleur POCOF9 Ultra\" class=\"wp-image-183367\" data-lazy- data-lazy- data-lazy-src=\"https:\/\/www.europesays.com\/fr\/wp-content\/uploads\/2026\/09\/poco-f9-ultra-hautparleur-1206x603.png\"\/>Le F9 Ultra int\u00e8gre un caisson de basses pour un son plus riche dans les graves. \u00a9 POCO<\/p>\n<p>185 images par seconde et \u00e9cran 10 000 nits : deux smartphones taill\u00e9s pour le gaming<\/p>\n<p class=\"wp-block-paragraph\">Sur le POCO F9 Pro comme sur le POCO F9 Ultra, la dalle se rafra\u00eechit <strong>jusqu\u2019\u00e0 185 fois par seconde<\/strong>, ce qui vous permet de faire tourner des jeux mobiles jusqu\u2019\u00e0 185 FPS. <\/p>\n<p class=\"wp-block-paragraph\">Le prix de cette fluidit\u00e9 : une consommation \u00e9nerg\u00e9tique plus \u00e9lev\u00e9e lors de vos sessions de jeu. Sur une heure de jeu mesur\u00e9e par POCO, la consommation passe de <strong>4 W<\/strong> (en r\u00e9glage standard) \u00e0 <strong>4,99 W<\/strong> (en mode 185 FPS), soit un quart d\u2019\u00e9nergie en plus.<\/p>\n<p class=\"wp-block-paragraph\">Du c\u00f4t\u00e9 de l\u2019\u00e9cran, sur les deux mod\u00e8les, POCO annonce <strong>10 000 nits<\/strong> en pic et <strong>4 500 nits<\/strong> en usage courant. Rappelons que ces valeurs restent \u00e0 relativiser : les 10 000 nits sont mesur\u00e9s sur 1 % de la surface d\u2019affichage, et les 4 500 nits sur 25 %. Au quotidien, POCO annonce <strong>850 nits<\/strong> en luminosit\u00e9 typique, et <strong>2 200 nits<\/strong> en mode haute luminosit\u00e9. Par comparaison, le POCO F8 Ultra plafonnait \u00e0 3 500 nits sur 25 % de dalle.<\/p>\n<p><img loading=\"lazy\" decoding=\"async\" width=\"1019\" height=\"679\" src=\"data:image\/svg+xml,%3Csvg%20xmlns=\" http:=\"\" alt=\"\u00c9cran 185 Hz sur gamme POCO F9\" class=\"wp-image-183366\" data-lazy- data-lazy- data-lazy-src=\"https:\/\/www.europesays.com\/fr\/wp-content\/uploads\/2026\/09\/poco-f9-pro-185hz-1019x679.jpg\"\/>L\u2019\u00e9cran est rafra\u00eechi \u00e0 185 Hz sur les deux mod\u00e8les POCO F9. \u00a9 POCO<\/p>\n<p>Pas de chargeur dans la bo\u00eete, pas de dur\u00e9e de suivi annonc\u00e9e<\/p>\n<p class=\"wp-block-paragraph\">Au rayon des b\u00e9mols, notons qu\u2019<strong>aucun adaptateur secteur n\u2019est fourni<\/strong>, ni avec l\u2019Ultra ni avec le Pro. Les 50 % de charge en 19 minutes annonc\u00e9s pour le mod\u00e8le Pro ne valent donc qu\u2019avec l\u2019achat compl\u00e9mentaire d\u2019un bloc 100 W <a href=\"https:\/\/meilleure-innovation.com\/high-tech\/smartphone\/protocole-de-charge-smartphone\/\" data-type=\"post\" data-id=\"177331\" rel=\"nofollow noopener\" target=\"_blank\">compatible PD<\/a>.<\/p>\n<p class=\"wp-block-paragraph\">Quant \u00e0 la <strong>dur\u00e9e de suivi logiciel<\/strong>, POCO n\u2019annonce officiellement ni nombre de versions d\u2019Android, ni horizon de correctifs de s\u00e9curit\u00e9. Les derni\u00e8res g\u00e9n\u00e9rations F de POCO s\u2019engagaient pour <strong>quatre versions majeures d\u2019Android et six ans de correctifs<\/strong> : nous pouvons supposer que la marque assurera a minima la m\u00eame dur\u00e9e pour ces nouveaux mod\u00e8les, sans confirmation officielle \u00e0 ce stade.<\/p>\n<p>Prix des POCO F9 Ultra et F9 Pro : quatre configurations, en promotion jusqu\u2019au 21 septembre 2026<\/p>\n<p class=\"wp-block-paragraph\">Le <a href=\"https:\/\/fliz.ly\/gZMpb_w\" target=\"_blank\" rel=\"noreferrer noopener sponsored nofollow\">F9 Ultra d\u00e9marre officiellement \u00e0 <strong>1 103 euros<\/strong><\/a> en 12 Go\/256 Go, puis <strong>1 203 euros<\/strong> en 16 Go\/512 Go. Le <a href=\"https:\/\/fliz.ly\/Rpyea_f\" target=\"_blank\" rel=\"noreferrer noopener sponsored nofollow\">F9 Pro d\u00e9marre quant \u00e0 lui \u00e0 <strong>903 euros<\/strong><\/a> en 12 Go\/256 Go, puis <strong>1 003 euros<\/strong> en 12 Go\/512 Go.<\/p>\n<p class=\"wp-block-paragraph\">Jusqu\u2019au 21 septembre 2026, l\u2019offre de lancement fait descendre ces prix, respectivement \u00e0 829 et 899 euros pour l\u2019Ultra ; \u00e0 739 et 799 euros pour le Pro. POCO ajoute un <strong>remplacement d\u2019\u00e9cran gratuit<\/strong> dans les six mois suivant l\u2019achat.<\/p>\n<p class=\"wp-block-paragraph\">\u00c0 <strong>90 euros d\u2019\u00e9cart<\/strong> pendant l\u2019offre de lancement, l\u2019arbitrage est vite fait : autant miser sur l\u2019Ultra, qui apporte 1 720 mAh de capacit\u00e9 de batterie suppl\u00e9mentaire, un ultra grand-angle huit fois plus d\u00e9fini, un caisson de basses et un zoom 5x. <\/p>\n<p class=\"mi-encart__stat\">\u2248 5 millions de lecteurs chaque ann\u00e9e<\/p>\n<p class=\"mi-encart__pitch\">Ne ratez plus nos news, tests, guides, et bons plans.<\/p>\n<p class=\"mi-encart__support\">\ud83d\udc9c Nous suivre est <b>gratuit<\/b> et soutient un <b>m\u00e9dia ind\u00e9pendant<\/b>. Merci\u00a0!<\/p>\n<p class=\"wp-block-paragraph\">Et pass\u00e9 le 21 septembre ? L\u2019\u00e9cart remonte alors \u00e0 <strong>200 euros<\/strong>, et la question se pose diff\u00e9remment. Le Pro devient d\u00e9fendable pour une personne qui se fiche de l\u2019ultra grand-angle, ou qui tient \u00e0 un format plus compact et plus l\u00e9ger. <\/p>\n<tr><a href=\"https:\/\/fliz.ly\/gZMpb_w\" target=\"_blank\" rel=\"noreferrer noopener sponsored nofollow\">POCO F9 Ultra<\/a><a href=\"https:\/\/fliz.ly\/Rpyea_f\" target=\"_blank\" rel=\"noreferrer noopener sponsored nofollow\">POCO F9 Pro<\/a><\/tr>\n<tr>\n<td>Tarif conseill\u00e9<\/td>\n<td>1 103 \u20ac \/ 1 203 \u20ac<\/td>\n<td>903 \u20ac \/ 1 003 \u20ac<\/td>\n<\/tr>\n<tr>\n<td>Offre jusqu\u2019au 21 septembre 2026<\/td>\n<td>829 \u20ac \/ 899 \u20ac<\/td>\n<td>739 \u20ac \/ 799 \u20ac<\/td>\n<\/tr>\n<tr>\n<td>\u00c9cran<\/td>\n<td>6,9 pouces, 2 608 \u00d7 1 200, 185 Hz<\/td>\n<td>6,59 pouces, 2 510 \u00d7 1 156, 185 Hz<\/td>\n<\/tr>\n<tr>\n<td>Luminosit\u00e9<\/td>\n<td>10\u00a0000\u00a0nits sur 1 % de la dalle, 850\u00a0nits en typique<\/td>\n<td>10 000 nits sur 1 % de la dalle, 850 nits en typique<\/td>\n<\/tr>\n<tr>\n<td>Puce<\/td>\n<td>Snapdragon 8 Elite Gen 5<\/td>\n<td>Snapdragon 8 Elite Gen 5 V series, SM8850-1-AB<\/td>\n<\/tr>\n<tr>\n<td>Fr\u00e9quence maximale annonc\u00e9e<\/td>\n<td>4,6\u00a0GHz<\/td>\n<td>4,6\u00a0GHz<\/td>\n<\/tr>\n<tr>\n<td>Batterie<\/td>\n<td>8\u00a0050\u00a0mAh<\/td>\n<td>6\u00a0330\u00a0mAh<\/td>\n<\/tr>\n<tr>\n<td>Charge<\/td>\n<td>100\u00a0W filaire, 50\u00a0W sans fil, 27\u00a0W invers\u00e9e<\/td>\n<td>100 W filaire, 50 W sans fil, 27 W invers\u00e9e<\/td>\n<\/tr>\n<tr>\n<td>Capteur principal<\/td>\n<td>200\u00a0Mpx, f\/1.68, OIS<\/td>\n<td>200\u00a0Mpx, f\/1.68, OIS<\/td>\n<\/tr>\n<tr>\n<td>T\u00e9l\u00e9objectif<\/td>\n<td>P\u00e9riscope 50\u00a0Mpx, 120\u00a0mm, f\/3.0<\/td>\n<td>Flottant 50\u00a0Mpx, 60\u00a0mm, f\/2.0, macro \u00e0 10\u00a0cm<\/td>\n<\/tr>\n<tr>\n<td>Ultra grand-angle<\/td>\n<td>50\u00a0Mpx, f\/2.4<\/td>\n<td>8\u00a0Mpx, f\/2.25<\/td>\n<\/tr>\n<tr>\n<td>Audio<\/td>\n<td>St\u00e9r\u00e9o et caisson de basses ind\u00e9pendant<\/td>\n<td>St\u00e9r\u00e9o seule<\/td>\n<\/tr>\n<tr>\n<td>Poids et \u00e9paisseur<\/td>\n<td>235\u00a0g, 8,74\u00a0mm<\/td>\n<td>206\u00a0g, 8,79\u00a0mm<\/td>\n<\/tr>\n<tr>\n<td>Adaptateur secteur fourni<\/td>\n<td>Non<\/td>\n<td>Non<\/td>\n<\/tr>\n<p class=\"affiliate-disclosure\" style=\"font-size: 13px; color: #777; text-align: center;\">\n Certains liens de cet article <a href=\"https:\/\/meilleure-innovation.com\/en-savoir-plus-affiliation\/\" rel=\"nofollow noopener\" target=\"_blank\">peuvent \u00eatre affili\u00e9s<\/a>.<br \/>Prix indicatifs, susceptibles d&rsquo;\u00e9voluer. L&rsquo;image de une peut avoir \u00e9t\u00e9 g\u00e9n\u00e9r\u00e9e en tout ou partie par IA.<\/p>\n","protected":false},"excerpt":{"rendered":"POCO lance les F9 Ultra et F9 Pro \u00e0 1 103 euros et 903 euros, avec une offre&hellip;\n","protected":false},"author":2,"featured_media":1163753,"comment_status":"","ping_status":"","sticky":false,"template":"","format":"standard","meta":{"footnotes":"","_share_on_mastodon":"0"},"categories":[7],"tags":[1011,27,43,40,41,39,42,44],"class_list":["post-1163752","post","type-post","status-publish","format-standard","has-post-thumbnail","category-sciences-et-technologies","tag-fr","tag-france","tag-science","tag-science-and-technology","tag-sciences","tag-sciences-et-technologies","tag-technologies","tag-technology"],"share_on_mastodon":{"url":"https:\/\/pubeurope.com\/@fr\/117203534299433820","error":""},"_links":{"self":[{"href":"https:\/\/www.europesays.com\/fr\/wp-json\/wp\/v2\/posts\/1163752","targetHints":{"allow":["GET"]}}],"collection":[{"href":"https:\/\/www.europesays.com\/fr\/wp-json\/wp\/v2\/posts"}],"about":[{"href":"https:\/\/www.europesays.com\/fr\/wp-json\/wp\/v2\/types\/post"}],"author":[{"embeddable":true,"href":"https:\/\/www.europesays.com\/fr\/wp-json\/wp\/v2\/users\/2"}],"replies":[{"embeddable":true,"href":"https:\/\/www.europesays.com\/fr\/wp-json\/wp\/v2\/comments?post=1163752"}],"version-history":[{"count":0,"href":"https:\/\/www.europesays.com\/fr\/wp-json\/wp\/v2\/posts\/1163752\/revisions"}],"wp:featuredmedia":[{"embeddable":true,"href":"https:\/\/www.europesays.com\/fr\/wp-json\/wp\/v2\/media\/1163753"}],"wp:attachment":[{"href":"https:\/\/www.europesays.com\/fr\/wp-json\/wp\/v2\/media?parent=1163752"}],"wp:term":[{"taxonomy":"category","embeddable":true,"href":"https:\/\/www.europesays.com\/fr\/wp-json\/wp\/v2\/categories?post=1163752"},{"taxonomy":"post_tag","embeddable":true,"href":"https:\/\/www.europesays.com\/fr\/wp-json\/wp\/v2\/tags?post=1163752"}],"curies":[{"name":"wp","href":"https:\/\/api.w.org\/{rel}","templated":true}]}}