{"id":1163756,"date":"2026-09-02T21:20:19","date_gmt":"2026-09-02T21:20:19","guid":{"rendered":"https:\/\/www.europesays.com\/fr\/1163756\/"},"modified":"2026-09-02T21:20:19","modified_gmt":"2026-09-02T21:20:19","slug":"liran-jure-de-briser-les-etats-unis-apres-des-bombardements-meurtriers-02-09-2026-a-2120","status":"publish","type":"post","link":"https:\/\/www.europesays.com\/fr\/1163756\/","title":{"rendered":"L&rsquo;Iran jure de \u00ab\u00a0briser\u00a0\u00bb les Etats-Unis apr\u00e8s des bombardements meurtriers &#8211; 02\/09\/2026 \u00e0 21:20"},"content":{"rendered":"<p>        <img decoding=\"async\" src=\"https:\/\/www.europesays.com\/fr\/wp-content\/uploads\/2026\/09\/c6f7c00dc5188e5abd9f9fca7ad0dcf3-760x507.jpg\" alt=\"Manifestation pro-iranienne \u00e0 Bagdad, le 19 ao\u00fbt 2026 ( AFP \/ AHMAD AL-RUBAYE )\" loading=\"eager\" fetchpriority=\"high\" width=\"760\" height=\"507\" style=\"max-width: 100%!important; height: auto;\"\/><\/p>\n<p class=\"c-image-news__legend\">Manifestation pro-iranienne \u00e0 Bagdad, le 19 ao\u00fbt 2026 ( AFP \/ AHMAD AL-RUBAYE )<\/p>\n<p>\n L&rsquo;Iran a men\u00e9 mercredi une riposte d&rsquo;envergure au Moyen-Orient et jur\u00e9 de \u00ab\u00a0briser\u00a0\u00bb l&rsquo;ennemi am\u00e9ricain apr\u00e8s une nuit de frappes meurtri\u00e8res sur son sol, qui ont endeuill\u00e9 un mariage &#8211; un \u00ab\u00a0crime de guerre\u00a0\u00bb selon T\u00e9h\u00e9ran.\n<\/p>\n<p>\n Les bombardements ont fait au total 19 morts, dont sept membres des forces arm\u00e9es mais aussi des civils, l&rsquo;un des bilans les plus \u00e9lev\u00e9s depuis plusieurs mois.\n<\/p>\n<p>\n \u00ab\u00a0Hier soir, nous avons d\u00e9truit bien plus que leur radar. L&rsquo;attaque a \u00e9t\u00e9 tr\u00e8s violente, et nous sommes pr\u00eats \u00e0 en lancer une autre \u00e0 tout moment\u00a0\u00bb, a averti mercredi Donald Trump.\n<\/p>\n<p>\n En repr\u00e9sailles, les forces arm\u00e9es iraniennes ont revendiqu\u00e9 des frappes tous azimuts contre des alli\u00e9s des Etats-Unis dans la r\u00e9gion &#8211; Jordanie, Kowe\u00eft, Bahre\u00efn, Irak mais aussi Emirats arabes unis.\n<\/p>\n<p>\n Cons\u00e9quence: les cours des hydrocarbures ont de nouveau bondi, le Brent repassant le seuil des 90 dollars.\n<\/p>\n<p>\n Les hostilit\u00e9s avaient repris dimanche, mettant fin \u00e0 un mois d&rsquo;accalmie, dans un sc\u00e9nario qui se r\u00e9p\u00e8te depuis le d\u00e9but de la guerre d\u00e9clench\u00e9e fin f\u00e9vrier et toujours sans issue diplomatique.\n<\/p>\n<p>\n \u00ab\u00a0Les forces am\u00e9ricaines ont frapp\u00e9 des cibles du Corps des Gardiens de la R\u00e9volution\u00a0\u00bb, la puissante arm\u00e9e iranienne, notamment des sites de d\u00e9fense antia\u00e9rienne, des syst\u00e8mes de radar ou encore des installations maritimes, a annonc\u00e9 le Commandement am\u00e9ricain pour le Moyen-Orient (Centcom).\n<\/p>\n<p>\n Les m\u00e9dias d&rsquo;Etat iraniens ont donn\u00e9 un bilan d&rsquo;au moins 11 morts: quatre au cours d&rsquo;un mariage dans le district de Sirik (sud-est), o\u00f9 pr\u00e8s de 70 personnes ont \u00e9t\u00e9 bless\u00e9es, et sept dans la r\u00e9gion du Khouzestan (ouest).\n<\/p>\n<p>\n Les Gardiens ont aussi annonc\u00e9 quatre morts dans leurs rangs, ainsi que quatre dans la branche paramilitaire du Bassidj.\n<\/p>\n<p>\n Le pr\u00e9sident du Parlement iranien et n\u00e9gociateur en chef, Mohammad Bagher Ghalibaf, a qualifi\u00e9 les Etats-Unis de \u00ab\u00a0Satan\u00a0\u00bb apr\u00e8s l&rsquo;attaque du mariage, rappelant aussi le bombardement d&rsquo;une \u00e9cole de Minab qui a tu\u00e9 155 personnes, dont 120 enfants, aux premi\u00e8res heures de la guerre.\n<\/p>\n<p>\n L&rsquo;arm\u00e9e am\u00e9ricaine n&rsquo;a pas r\u00e9agi \u00e0 la frappe ayant touch\u00e9 le mariage, mais affirm\u00e9 \u00ab\u00a0ne jamais prendre pour cible des civils, contrairement aux Gardiens\u00a0\u00bb.\n<\/p>\n<p> \u00ab\u00a0Nouvelle strat\u00e9gie\u00a0\u00bb<\/p>\n<p>\n Des vid\u00e9os montrant les d\u00e9g\u00e2ts sur place ont largement \u00e9t\u00e9 partag\u00e9es en Iran.\n<\/p>\n<p>\n \u00ab\u00a0Encore une paire de bottes militaires dans cette base militaire!\u00a0\u00bb, raille sur l&rsquo;une d&rsquo;elles un homme alors qu&rsquo;il ramasse une sandale blanche paillet\u00e9e.\n<\/p>\n<p>\n Le porte-parole de la diplomatie iranienne, Esma\u00efl Bagha\u00ef, a fustig\u00e9 un \u00ab\u00a0crime de guerre\u00a0\u00bb, d\u00e9plorant qu&rsquo;une \u00ab\u00a0c\u00e9r\u00e9monie de mariage ait \u00e9t\u00e9 sauvagement bombard\u00e9e dans le cadre de la lutte d\u00e9sesp\u00e9r\u00e9e des Etats-Unis pour dissimuler leur \u00e9chec\u00a0\u00bb.\n<\/p>\n<p>\n D\u00e9termin\u00e9 \u00e0 riposter, l&rsquo;Iran a pr\u00e9venu les Etats-Unis qu&rsquo;ils devaient d\u00e9sormais s&rsquo;attendre \u00e0 une \u00ab\u00a0nouvelle strat\u00e9gie\u00a0\u00bb destin\u00e9e \u00e0 \u00ab\u00a0briser les fondements\u00a0\u00bb de l&rsquo;ennemi, sans en d\u00e9tailler les contours.\n<\/p>\n<p>\n Il a aussi adress\u00e9 une nouvelle mise en garde \u00e0 \u00ab\u00a0tout pays coop\u00e9rant avec l&rsquo;arm\u00e9e am\u00e9ricaine agressive\u00a0\u00bb.\n<\/p>\n<p>\n A Bahre\u00efn, Ghizlan Saad raconte avoir \u00e9t\u00e9 r\u00e9veill\u00e9e par les sir\u00e8nes, tout comme ses deux enfants, \u00ab\u00a0ravivant les souvenirs des attaques et la peur\u00a0\u00bb.\n<\/p>\n<p>\n \u00ab\u00a0J&rsquo;esp\u00e8re que la situation va se r\u00e9soudre rapidement, d&rsquo;autant plus que nous venons tout juste de commencer la nouvelle ann\u00e9e scolaire\u00a0\u00bb, a-t-elle dit \u00e0 l&rsquo;AFP.\n<\/p>\n<p>\n En Jordanie, l&rsquo;arm\u00e9e a annonc\u00e9 avoir d\u00e9truit dix missiles iraniens, ajoutant que trois autres s&rsquo;\u00e9taient \u00e9cras\u00e9s \u00e0 l&rsquo;\u00e9cart de zones habit\u00e9es, sans faire de bless\u00e9s.\n<\/p>\n<p>\n Le Kowe\u00eft a signal\u00e9 un incendie dans un complexe r\u00e9sidentiel de la capitale apr\u00e8s une attaque de drone, tandis qu&rsquo;en Irak des explosions ont \u00e9t\u00e9 entendues \u00e0 Erbil, o\u00f9 les Gardiens ont dit avoir attaqu\u00e9 des bases am\u00e9ricaines.\n<\/p>\n<p> \u00ab\u00a0D\u00e9troit Trump\u00a0\u00bb<\/p>\n<p>\n Dans le d\u00e9troit d&rsquo;Ormuz, que le pr\u00e9sident am\u00e9ricain a sugg\u00e9r\u00e9 de rebaptiser \u00ab\u00a0d\u00e9troit Trump\u00a0\u00bb, deux p\u00e9troliers ont pris feu apr\u00e8s avoir heurt\u00e9 des mines, selon T\u00e9h\u00e9ran.\n<\/p>\n<p>        <img decoding=\"async\" src=\"https:\/\/www.europesays.com\/fr\/wp-content\/uploads\/2026\/09\/8a2a69d2989c187d61bdbb552314e4bd-760x507.jpg\" alt=\"Le porte-avions am\u00e9ricain USS Abraham Lincoln arrive en vue des c\u00f4tes de Tha\u00eflande, le 2 septembre 2026 ( AFP \/ ANTHONY WALLACE )\" loading=\"eager\" fetchpriority=\"high\" width=\"760\" height=\"507\" style=\"max-width: 100%!important; height: auto;\"\/><\/p>\n<p class=\"c-image-news__legend\">Le porte-avions am\u00e9ricain USS Abraham Lincoln arrive en vue des c\u00f4tes de Tha\u00eflande, le 2 septembre 2026 ( AFP \/ ANTHONY WALLACE )<\/p>\n<p>\n Strat\u00e9gique pour le transport d&rsquo;hydrocarbures, cette voie est verrouill\u00e9e par l&rsquo;Iran depuis le d\u00e9but de la guerre.\n<\/p>\n<p>\n Les Etats-Unis ont en retour impos\u00e9 un blocus aux ports iraniens.\n<\/p>\n<p>\n Ils ont aussi r\u00e9cemment d\u00e9cid\u00e9 d&rsquo;accentuer la pression \u00e9conomique en annon\u00e7ant des sanctions secondaires contre les partenaires commerciaux de T\u00e9h\u00e9ran.<\/p>\n","protected":false},"excerpt":{"rendered":"Manifestation pro-iranienne \u00e0 Bagdad, le 19 ao\u00fbt 2026 ( AFP \/ AHMAD AL-RUBAYE ) L&rsquo;Iran a men\u00e9 mercredi&hellip;\n","protected":false},"author":2,"featured_media":1163481,"comment_status":"","ping_status":"","sticky":false,"template":"","format":"standard","meta":{"footnotes":"","_share_on_mastodon":"0"},"categories":[5],"tags":[400,11,398,408,405,1011,27,403,14,402,399,404,12,401,406,407,28],"class_list":["post-1163756","post","type-post","status-publish","format-standard","has-post-thumbnail","category-international","tag-action-cac-40","tag-actualites","tag-bourse-de-paris","tag-boursorama","tag-cotations","tag-fr","tag-france","tag-indices-devises","tag-international","tag-investir","tag-investissement","tag-marche-boursier","tag-news","tag-sicav","tag-trackers","tag-warrants","tag-world"],"share_on_mastodon":{"url":"https:\/\/pubeurope.com\/@fr\/117203544517701665","error":""},"_links":{"self":[{"href":"https:\/\/www.europesays.com\/fr\/wp-json\/wp\/v2\/posts\/1163756","targetHints":{"allow":["GET"]}}],"collection":[{"href":"https:\/\/www.europesays.com\/fr\/wp-json\/wp\/v2\/posts"}],"about":[{"href":"https:\/\/www.europesays.com\/fr\/wp-json\/wp\/v2\/types\/post"}],"author":[{"embeddable":true,"href":"https:\/\/www.europesays.com\/fr\/wp-json\/wp\/v2\/users\/2"}],"replies":[{"embeddable":true,"href":"https:\/\/www.europesays.com\/fr\/wp-json\/wp\/v2\/comments?post=1163756"}],"version-history":[{"count":0,"href":"https:\/\/www.europesays.com\/fr\/wp-json\/wp\/v2\/posts\/1163756\/revisions"}],"wp:featuredmedia":[{"embeddable":true,"href":"https:\/\/www.europesays.com\/fr\/wp-json\/wp\/v2\/media\/1163481"}],"wp:attachment":[{"href":"https:\/\/www.europesays.com\/fr\/wp-json\/wp\/v2\/media?parent=1163756"}],"wp:term":[{"taxonomy":"category","embeddable":true,"href":"https:\/\/www.europesays.com\/fr\/wp-json\/wp\/v2\/categories?post=1163756"},{"taxonomy":"post_tag","embeddable":true,"href":"https:\/\/www.europesays.com\/fr\/wp-json\/wp\/v2\/tags?post=1163756"}],"curies":[{"name":"wp","href":"https:\/\/api.w.org\/{rel}","templated":true}]}}