{"id":1163761,"date":"2026-09-02T21:24:28","date_gmt":"2026-09-02T21:24:28","guid":{"rendered":"https:\/\/www.europesays.com\/fr\/1163761\/"},"modified":"2026-09-02T21:24:28","modified_gmt":"2026-09-02T21:24:28","slug":"saint-etienne-il-faut-faire-evoluer-les-facons-de-jardiner-face-aux-etes-caniculaires-a-repetition","status":"publish","type":"post","link":"https:\/\/www.europesays.com\/fr\/1163761\/","title":{"rendered":"Saint-\u00c9tienne. \u00ab\u00a0Il faut faire \u00e9voluer les fa\u00e7ons de jardiner face aux \u00e9t\u00e9s caniculaires \u00e0 r\u00e9p\u00e9tition\u00a0\u00bb"},"content":{"rendered":"<p>\u00ab\u00a0Avec le changement climatique, fini le temps o\u00f9 il suffisait de planter, d\u2019arroser et de r\u00e9colter comme le faisait mon p\u00e8re\u00a0\u00bb, explique Fran\u00e7ois. Aujourd\u2019hui, il faut adapter son potager aux \u00e9t\u00e9s de plus en plus br\u00fblants.<\/p>\n<p>\u00ab\u00a0Le climat change, c\u2019est une \u00e9vidence et ce n\u2019est pas fini\u00a0\u00bb constate Fran\u00e7ois. Cet \u00e9t\u00e9 encore, les temp\u00e9ratures grimpent, les jardins souffrent. Si les courgettes et les concombres sont assez productifs, en revanche, les carottes ont trop chaud. Pour&#8230;<\/p>\n","protected":false},"excerpt":{"rendered":"\u00ab\u00a0Avec le changement climatique, fini le temps o\u00f9 il suffisait de planter, d\u2019arroser et de r\u00e9colter comme le&hellip;\n","protected":false},"author":2,"featured_media":1163762,"comment_status":"","ping_status":"","sticky":false,"template":"","format":"standard","meta":{"footnotes":"","_share_on_mastodon":"0"},"categories":[9653],"tags":[1111,11,2430,1687,7539,1777,674,1011,27,12,25,4001,7538],"class_list":["post-1163761","post","type-post","status-publish","format-standard","has-post-thumbnail","category-saint-etienne","tag-actu","tag-actualites","tag-auvergne-rhone-alpes","tag-culture-loisirs","tag-edition-loire-sud","tag-eu","tag-europe","tag-fr","tag-france","tag-news","tag-republique-francaise","tag-saint-etienne","tag-saint-etienne-ville"],"share_on_mastodon":{"url":"https:\/\/pubeurope.com\/@fr\/117203557893832079","error":""},"_links":{"self":[{"href":"https:\/\/www.europesays.com\/fr\/wp-json\/wp\/v2\/posts\/1163761","targetHints":{"allow":["GET"]}}],"collection":[{"href":"https:\/\/www.europesays.com\/fr\/wp-json\/wp\/v2\/posts"}],"about":[{"href":"https:\/\/www.europesays.com\/fr\/wp-json\/wp\/v2\/types\/post"}],"author":[{"embeddable":true,"href":"https:\/\/www.europesays.com\/fr\/wp-json\/wp\/v2\/users\/2"}],"replies":[{"embeddable":true,"href":"https:\/\/www.europesays.com\/fr\/wp-json\/wp\/v2\/comments?post=1163761"}],"version-history":[{"count":0,"href":"https:\/\/www.europesays.com\/fr\/wp-json\/wp\/v2\/posts\/1163761\/revisions"}],"wp:featuredmedia":[{"embeddable":true,"href":"https:\/\/www.europesays.com\/fr\/wp-json\/wp\/v2\/media\/1163762"}],"wp:attachment":[{"href":"https:\/\/www.europesays.com\/fr\/wp-json\/wp\/v2\/media?parent=1163761"}],"wp:term":[{"taxonomy":"category","embeddable":true,"href":"https:\/\/www.europesays.com\/fr\/wp-json\/wp\/v2\/categories?post=1163761"},{"taxonomy":"post_tag","embeddable":true,"href":"https:\/\/www.europesays.com\/fr\/wp-json\/wp\/v2\/tags?post=1163761"}],"curies":[{"name":"wp","href":"https:\/\/api.w.org\/{rel}","templated":true}]}}