{"id":1163763,"date":"2026-09-02T21:26:18","date_gmt":"2026-09-02T21:26:18","guid":{"rendered":"https:\/\/www.europesays.com\/fr\/1163763\/"},"modified":"2026-09-02T21:26:18","modified_gmt":"2026-09-02T21:26:18","slug":"lasse-refuse-4-offres-enormes-pour-davitashvili","status":"publish","type":"post","link":"https:\/\/www.europesays.com\/fr\/1163763\/","title":{"rendered":"L&rsquo;ASSE refuse 4 offres \u00e9normes pour Davitashvili"},"content":{"rendered":"<p><b>L&rsquo;ASSE s&rsquo;est s\u00e9par\u00e9e de Lucas Stassin ces derni\u00e8res heures, mais a finalement gard\u00e9 Zuriko Davitashvili. Les Verts n&rsquo;auront pas re\u00e7u la bonne offre pour l&rsquo;international g\u00e9orgien. <\/b><\/p>\n<p>L&rsquo;<a href=\"https:\/\/www.foot01.com\/st-etienne\/asse-le-deal-avec-stassin-cest-du-genie\" target=\"_self\" rel=\"nofollow noopener\">AS Saint-\u00c9tienne <\/a>a v\u00e9cu un <a href=\"https:\/\/www.foot01.com\/mercato\" title=\"Mercato\" rel=\"nofollow noopener\" target=\"_blank\">mercato<\/a> estival mouvement\u00e9. Les pensionnaires de Geoffroy-Guichard ont notamment d\u00fb se s\u00e9parer de Lucas Stassin. L&rsquo;attaquant belge a rejoint les rangs du FC S\u00e9ville. Zuriko Davitashvili pensait lui aussi pouvoir filer ailleurs afin de ne pas \u00e9voluer en <a href=\"https:\/\/www.foot01.com\/ligue2\" title=\"Ligue 2\" rel=\"nofollow noopener\" target=\"_blank\">Ligue 2<\/a> cette saison. Mais l&rsquo;international g\u00e9orgien restera encore dans le Forez, du moins pour quelques mois. Si l&rsquo;ASSE \u00e9tait dispos\u00e9e \u00e0 vendre Davitashvili, les Verts n&rsquo;ont pas voulu c\u00e9der face aux offres jug\u00e9es insuffisantes faites dans les derni\u00e8res heures du march\u00e9 des transferts.Davitashvili va devoir encore patienter avant de partir de l&rsquo;ASSE<\/p>\n<p>Selon les derni\u00e8res informations rapport\u00e9es par le compte X de Geo Team, l&rsquo;AS Saint-\u00c9tienne a en effet refus\u00e9 quatre offres pour l\u00e2cher Davitashvili, \u00e0 savoir celles de l&rsquo;Atalanta, du Betis, du Be\u015fikta\u015f et de l&rsquo;Olympiacos. Ces clubs \u00e9taient dispos\u00e9s \u00e0 offrir 15 millions d&rsquo;euros maximum pour le natif de Tbilissi. Un montant trop faible par rapport aux exigences st\u00e9phanoises, qui \u00e9taient de l&rsquo;ordre de 20 millions d&rsquo;euros. En attendant d&rsquo;en savoir plus sur son avenir, notamment lors du prochain mercato hivernal, Davitashvili va donc continuer sa carri\u00e8re dans le Forez.<\/p>\n<p>\u00c0 lui de rapidement se concentrer sur ses objectifs personnels et collectifs afin de ne pas perdre le rythme au plus haut niveau. L&rsquo;ASSE joue les premiers r\u00f4les en Ligue 2 et pourrait encore avoir besoin du G\u00e9orgien de 25 ans afin d&rsquo;encha\u00eener les bons r\u00e9sultats en championnat. Pour rappel, les pensionnaires de Geoffroy-Guichard comptent d\u00e9j\u00e0 quatre victoires en autant de matchs disput\u00e9s en Ligue 2 cette saison. Lors de la prochaine journ\u00e9e, l&rsquo;AS Saint-Etienne sera aux prises avec Montpellier dans le Chaudron. Une \u00e9quipe \u00e9galement tr\u00e8s en forme.<\/p>\n","protected":false},"excerpt":{"rendered":"L&rsquo;ASSE s&rsquo;est s\u00e9par\u00e9e de Lucas Stassin ces derni\u00e8res heures, mais a finalement gard\u00e9 Zuriko Davitashvili. Les Verts n&rsquo;auront&hellip;\n","protected":false},"author":2,"featured_media":620801,"comment_status":"","ping_status":"","sticky":false,"template":"","format":"standard","meta":{"footnotes":"","_share_on_mastodon":"0"},"categories":[9653],"tags":[1111,11,461,2430,1777,674,1011,27,446,1434,12,25,4001],"class_list":["post-1163763","post","type-post","status-publish","format-standard","has-post-thumbnail","category-saint-etienne","tag-actu","tag-actualites","tag-asse","tag-auvergne-rhone-alpes","tag-eu","tag-europe","tag-fr","tag-france","tag-ligue-2","tag-mercato","tag-news","tag-republique-francaise","tag-saint-etienne"],"share_on_mastodon":{"url":"https:\/\/pubeurope.com\/@fr\/117203565767278813","error":""},"_links":{"self":[{"href":"https:\/\/www.europesays.com\/fr\/wp-json\/wp\/v2\/posts\/1163763","targetHints":{"allow":["GET"]}}],"collection":[{"href":"https:\/\/www.europesays.com\/fr\/wp-json\/wp\/v2\/posts"}],"about":[{"href":"https:\/\/www.europesays.com\/fr\/wp-json\/wp\/v2\/types\/post"}],"author":[{"embeddable":true,"href":"https:\/\/www.europesays.com\/fr\/wp-json\/wp\/v2\/users\/2"}],"replies":[{"embeddable":true,"href":"https:\/\/www.europesays.com\/fr\/wp-json\/wp\/v2\/comments?post=1163763"}],"version-history":[{"count":0,"href":"https:\/\/www.europesays.com\/fr\/wp-json\/wp\/v2\/posts\/1163763\/revisions"}],"wp:featuredmedia":[{"embeddable":true,"href":"https:\/\/www.europesays.com\/fr\/wp-json\/wp\/v2\/media\/620801"}],"wp:attachment":[{"href":"https:\/\/www.europesays.com\/fr\/wp-json\/wp\/v2\/media?parent=1163763"}],"wp:term":[{"taxonomy":"category","embeddable":true,"href":"https:\/\/www.europesays.com\/fr\/wp-json\/wp\/v2\/categories?post=1163763"},{"taxonomy":"post_tag","embeddable":true,"href":"https:\/\/www.europesays.com\/fr\/wp-json\/wp\/v2\/tags?post=1163763"}],"curies":[{"name":"wp","href":"https:\/\/api.w.org\/{rel}","templated":true}]}}