{"id":1163766,"date":"2026-09-02T21:29:23","date_gmt":"2026-09-02T21:29:23","guid":{"rendered":"https:\/\/www.europesays.com\/fr\/1163766\/"},"modified":"2026-09-02T21:29:23","modified_gmt":"2026-09-02T21:29:23","slug":"mercato-ea-guingamp-trois-choses-a-savoir-sur-brandon-bokangu-le-nouvel-attaquant-guingampais","status":"publish","type":"post","link":"https:\/\/www.europesays.com\/fr\/1163766\/","title":{"rendered":"Mercato EA Guingamp. Trois choses \u00e0 savoir sur Brandon Bokangu, le nouvel attaquant guingampais"},"content":{"rendered":"<p>\n                Article premium,<br \/>\n                    R\u00e9serv\u00e9 aux\u00a0abonn\u00e9s\n            <\/p>\n<p class=\"su-standfirst chapeau\">Brandon Bokangu s\u2019est engag\u00e9, mardi 1er\u00a0septembre, avec En Avant Guingamp. L\u2019attaquant arrive en provenance de l\u2019AS Nancy-Lorraine, o\u00f9 il avait commenc\u00e9 la saison de Ligue 2. Polyvalent, d\u00e9j\u00e0 d\u00e9cisif depuis la reprise et pass\u00e9 par plusieurs clubs de l\u2019Ouest de la France, le Congolais de 26\u00a0ans vient renforcer le secteur offensif guingampais. Voici trois choses \u00e0 savoir sur la nouvelle recrue d\u2019EAG.<\/p>\n<p>                                        <img decoding=\"async\" class=\"su-media\" src=\"https:\/\/media.ouest-france.fr\/v1\/pictures\/MjAyNjA5ZjRjNDRhMjVjMGI3MDQwYTZjZmE3NzhjZTBhZDNkOWM?width=630&amp;height=354&amp;focuspoint=50%2C25&amp;cropresize=1&amp;client_id=bpeditorial&amp;sign=f9db6071fe4d8412616ccf19021501d7cd4bd973b28756ae71ce37fa09e7ce65\" alt=\"Brandon Bokangu s\u2019est engag\u00e9 avec Guingamp.\"  \/><\/p>\n<p>                            Brandon Bokangu s\u2019est engag\u00e9 avec Guingamp. | PHILIPPE NAUDIN<\/p>\n<p>                            fermer<\/p>\n<ul class=\"su-row su-carrousel-container su-not-list\" data-suswipe=\"{\" rambo=\"\" .carrousel-nav-bas=\"\" .item=\"\">\n<li class=\"su-col-xs-6 su-col-md-24 carrousel-contenu su-carrousel-item\" data-ofvwidth=\"{\" mobileonly=\"\"><img decoding=\"async\" data-ofmaxheight=\"\" class=\"su-media lazyload\" alt=\"Brandon Bokangu s\u2019est engag\u00e9 avec Guingamp.\" src=\"data:image\/png;base64,iVBORw0KGgoAAAANSUhEUgAAABAAAAAJCAYAAAA7KqwyAAAAGXRFWHRTb2Z0d2FyZQBBZG9iZSBJbWFnZVJlYWR5ccllPAAAABhJREFUeNpi\/P\/\/PwMlgHHUgFEDgAAgwAD+lBrvy+NcxAAAAABJRU5ErkJggg==\" data-oflazyload=\"{&quot;srcset&quot;:&quot;https:\/\/media.ouest-france.fr\/v1\/pictures\/MjAyNjA5ZjRjNDRhMjVjMGI3MDQwYTZjZmE3NzhjZTBhZDNkOWM?width=320&amp;focuspoint=50%2C25&amp;cropresize=1&amp;client_id=bpeditorial&amp;sign=865691e0574231cf0b539d34a233c277e960a1f55c75031a151443f5981afb51 320w,https:\/\/media.ouest-france.fr\/v1\/pictures\/MjAyNjA5ZjRjNDRhMjVjMGI3MDQwYTZjZmE3NzhjZTBhZDNkOWM?width=375&amp;focuspoint=50%2C25&amp;cropresize=1&amp;client_id=bpeditorial&amp;sign=85426b75ea8c4cd8e1233b53aaa8efd0eade2b7ed776e07a3422a6fd6d79c0c8 360w,https:\/\/media.ouest-france.fr\/v1\/pictures\/MjAyNjA5ZjRjNDRhMjVjMGI3MDQwYTZjZmE3NzhjZTBhZDNkOWM?width=480&amp;focuspoint=50%2C25&amp;cropresize=1&amp;client_id=bpeditorial&amp;sign=7d740c8b0e0d8847ab71c98eb5914cc4e21e37482903f86d5f6cbce3c8bfca76 480w,https:\/\/media.ouest-france.fr\/v1\/pictures\/MjAyNjA5ZjRjNDRhMjVjMGI3MDQwYTZjZmE3NzhjZTBhZDNkOWM?width=630&amp;focuspoint=50%2C25&amp;cropresize=1&amp;client_id=bpeditorial&amp;sign=88b987904525eb54405a78f435fce09e1abecb88a65eef2601036fdcaf4c080b 630w,https:\/\/media.ouest-france.fr\/v1\/pictures\/MjAyNjA5ZjRjNDRhMjVjMGI3MDQwYTZjZmE3NzhjZTBhZDNkOWM?width=940&amp;focuspoint=50%2C25&amp;cropresize=1&amp;client_id=bpeditorial&amp;sign=f9619eaf8767e759407179d1a8b1d3c06146b4b8355418f46ec34bbf47aabbb8 940w,https:\/\/media.ouest-france.fr\/v1\/pictures\/MjAyNjA5ZjRjNDRhMjVjMGI3MDQwYTZjZmE3NzhjZTBhZDNkOWM?width=1260&amp;focuspoint=50%2C25&amp;cropresize=1&amp;client_id=bpeditorial&amp;sign=9f0ccdd214d5a30bca1ef5e5b386178ad3f8dd881fddd6d6fd83c0eecc9f353c 1260w&quot;}\"\/>Brandon Bokangu s\u2019est engag\u00e9 avec Guingamp. | PHILIPPE NAUDIN<\/li>\n<\/ul>\n<p data-ofstats-scroll=\"read_depth_30\">Arriv\u00e9 \u00e0 Guingamp <a href=\"https:\/\/www.ouest-france.fr\/sport\/football\/ea-guingamp\/mercato-ea-guingamp-une-bonne-affaire-une-derniere-journee-bouillante-et-un-numero-9-trouve-in-extremis-a6b41092-a60e-11f1-95a1-d7cb1b3759ac\" target=\"_blank\" rel=\"nofollow noopener\">\u00e0 seulement trois minutes de la fin du mercato<\/a>, Brandon Bokangu\u00a0(26\u00a0ans) d\u00e9barque apr\u00e8s un d\u00e9but de saison r\u00e9ussi \u00e0 Nancy. Polyvalent offensivement et pass\u00e9 par plusieurs clubs de l\u2019Ouest, le nouvel attaquant d\u2019EAG poss\u00e8de un parcours atypique.<\/p>\n<p>Capable d\u2019\u00e9voluer \u00e0 plusieurs postes offensifs, Brandon Bokangu\u00a0(26\u00a0ans) a principalement \u00e9t\u00e9 utilis\u00e9 dans l\u2019axe avec l\u2019AS Nancy-Lorraine. C\u2019est d\u2019ailleurs \u00e0 ce poste qu\u2019il \u00e9voluait presque exclusivement&#8230;<\/p>\n<p style=\"text-align: center; background-color: #dbbe4d; padding-top: 5px; padding-bottom: 5px; font-size: 14px;\"><strong>D\u00e9j\u00e0 abonn\u00e9 ? <\/strong><a data-trkartmonet=\"Identification\" data-trk-sipa=\"{\" blockcategory=\"\" paywall=\"\" href=\"http:\/\/www.ouest-france.fr\/login?redirect=https:\/\/www.ouest-france.fr\/sport\/football\/ea-guingamp\/mercato-ea-guingamp-trois-choses-a-savoir-sur-brandon-bokangu-le-nouvel-attaquant-guingampais-ee5b5bca-a6e1-11f1-8a27-1e0c4eb5e395\" rel=\"nofollow noopener\" title=\"Se connecter \u00e0 Ouest-France\" class=\"su-link-light\" target=\"_blank\">Connectez-vous<\/a><\/p>\n<p style=\"text-align: center; padding-top: 15px; padding-bottom: 8px; vertical-align: bottom;\">bloqu\u00e9<strong> Pour lire la suite, abonnez-vous<\/strong><\/p>\n<p style=\"text-align: center;\"><strong>1er mois \u00e0 1\u20ac<\/strong><\/p>\n<p style=\"text-align: center; margin-top: -5px;\">Annulable \u00e0 tout moment<\/p>\n<p style=\"text-align: center;\">\u00a0<\/p>\n<p style=\"text-align: center;\"><a data-ida=\"\" data-trkartmonet=\"Tunnel OF+\" data-trk-sipa=\"{&#010;\" blockcategory=\"\" paywall=\"\" :=\"\" m=\"\" of=\"\" class=\"su-button su-subscription\" data-trk-bloc=\"paywall\" href=\"https:\/\/abonnement.ouest-france.fr\/tunnel\/pack-essentiel-article\/122096117101?int_medium=lien&amp;int_campaign=PWFR0225-OF&amp;int_content=page-article-payant_boutonjaune-paywall&amp;marquesource=OF&amp;rt=https:\/\/www.ouest-france.fr\/sport\/football\/ea-guingamp\/mercato-ea-guingamp-trois-choses-a-savoir-sur-brandon-bokangu-le-nouvel-attaquant-guingampais-ee5b5bca-a6e1-11f1-8a27-1e0c4eb5e395\" rel=\"nofollow noopener\" target=\"_blank\"><strong>Je m&rsquo;abonne<\/strong><\/a><\/p>\n<p style=\"text-align: center; padding-top: 10px; padding-bottom: 10px;\"><img decoding=\"async\" src=\"https:\/\/media.ouest-france.fr\/v1\/fonts\/be7723fcee3f1866f1ce99184077fc6f-carte-bancaire.svg?height=36\" alt=\"CB\"\/>\u00a0\u00a0<img decoding=\"async\" src=\"https:\/\/media.ouest-france.fr\/v1\/fonts\/1819d54c599d8afa64539cfba4ac9dde-rib.svg?height=36\" alt=\"RIB\"\/>\u00a0\u00a0<img decoding=\"async\" src=\"https:\/\/media.ouest-france.fr\/v1\/fonts\/065fc80d7b6a03d14a834c224ce723e1-paypal.svg?height=36\" alt=\"PAYPAL\"\/><\/p>\n","protected":false},"excerpt":{"rendered":"Article premium, R\u00e9serv\u00e9 aux\u00a0abonn\u00e9s Brandon Bokangu s\u2019est engag\u00e9, mardi 1er\u00a0septembre, avec En Avant Guingamp. L\u2019attaquant arrive en provenance&hellip;\n","protected":false},"author":2,"featured_media":1163767,"comment_status":"","ping_status":"","sticky":false,"template":"","format":"standard","meta":{"footnotes":"","_share_on_mastodon":"0"},"categories":[9635],"tags":[1111,74853,11,2171,19062,1777,674,63,1011,27,775,4044,446,1702,12,25,517],"class_list":["post-1163766","post","type-post","status-publish","format-standard","has-post-thumbnail","category-nancy","tag-actu","tag-actualite-en-continu","tag-actualites","tag-cotes-darmor","tag-ea-guingamp","tag-eu","tag-europe","tag-football","tag-fr","tag-france","tag-grand-est","tag-guingamp","tag-ligue-2","tag-nancy","tag-news","tag-republique-francaise","tag-sport"],"share_on_mastodon":{"url":"https:\/\/pubeurope.com\/@fr\/117203579306178855","error":""},"_links":{"self":[{"href":"https:\/\/www.europesays.com\/fr\/wp-json\/wp\/v2\/posts\/1163766","targetHints":{"allow":["GET"]}}],"collection":[{"href":"https:\/\/www.europesays.com\/fr\/wp-json\/wp\/v2\/posts"}],"about":[{"href":"https:\/\/www.europesays.com\/fr\/wp-json\/wp\/v2\/types\/post"}],"author":[{"embeddable":true,"href":"https:\/\/www.europesays.com\/fr\/wp-json\/wp\/v2\/users\/2"}],"replies":[{"embeddable":true,"href":"https:\/\/www.europesays.com\/fr\/wp-json\/wp\/v2\/comments?post=1163766"}],"version-history":[{"count":0,"href":"https:\/\/www.europesays.com\/fr\/wp-json\/wp\/v2\/posts\/1163766\/revisions"}],"wp:featuredmedia":[{"embeddable":true,"href":"https:\/\/www.europesays.com\/fr\/wp-json\/wp\/v2\/media\/1163767"}],"wp:attachment":[{"href":"https:\/\/www.europesays.com\/fr\/wp-json\/wp\/v2\/media?parent=1163766"}],"wp:term":[{"taxonomy":"category","embeddable":true,"href":"https:\/\/www.europesays.com\/fr\/wp-json\/wp\/v2\/categories?post=1163766"},{"taxonomy":"post_tag","embeddable":true,"href":"https:\/\/www.europesays.com\/fr\/wp-json\/wp\/v2\/tags?post=1163766"}],"curies":[{"name":"wp","href":"https:\/\/api.w.org\/{rel}","templated":true}]}}