{"id":1163790,"date":"2026-09-02T21:47:17","date_gmt":"2026-09-02T21:47:17","guid":{"rendered":"https:\/\/www.europesays.com\/fr\/1163790\/"},"modified":"2026-09-02T21:47:17","modified_gmt":"2026-09-02T21:47:17","slug":"strasbourg-prete-omobamidele-a-anderlecht","status":"publish","type":"post","link":"https:\/\/www.europesays.com\/fr\/1163790\/","title":{"rendered":"Strasbourg pr\u00eate Omobamidele \u00e0 Anderlecht"},"content":{"rendered":"<p>Andrew Omobamidele quitte Strasbourg pour rejoindre Anderlecht sous la forme d\u2019un pr\u00eat sans option d\u2019achat, pour la dur\u00e9e de la saison, rapportent L\u2019\u00c9quipe et Foot Mercato. Le d\u00e9fenseur central irlandais \u00e9voluera d\u00e9sormais en Jupiler Pro League, le championnat belge.<\/p>\n<p>L\u2019international irlandais avait rejoint le Racing \u00e0 l\u2019\u00e9t\u00e9 2025 en provenance de Norwich City, pr\u00e9cise Foot Mercato. Il avait \u00e9t\u00e9 titulaire lors des deux premi\u00e8res journ\u00e9es de Ligue 1 cette saison, selon L\u2019\u00c9quipe, avant que ce pr\u00eat ne soit act\u00e9.<\/p>\n<p>Le m\u00e9dia \u00e9voque une explication possible \u00e0 ce d\u00e9part : Omobamidele \u00ab paye probablement le maintien d\u2019Isma\u00ebl Doukour\u00e9 dans l\u2019effectif alsagien \u00bb, \u00e9crit L\u2019\u00c9quipe, sans que cette hypoth\u00e8se soit confirm\u00e9e par le club. Aucune d\u00e9claration officielle d\u2019un dirigeant du Racing ou d\u2019Anderlecht n\u2019accompagne l\u2019annonce.<\/p>\n<p>Ce pr\u00eat intervient au lendemain d\u2019un autre mouvement dans l\u2019effectif alsacien : le d\u00e9part de <a href=\"https:\/\/mercatolive.fr\/officiel-ben-chilwell-quitte-strasbourg-pour-crystal-palace\/\" rel=\"nofollow noopener\" target=\"_blank\">Ben Chilwell vers Crystal Palace<\/a>, annonc\u00e9 dans la nuit de mardi \u00e0 mercredi selon L\u2019\u00c9quipe. Le secteur d\u00e9fensif du Racing se resserre nettement en quelques jours.<\/p>\n<p>Sur le nombre exact de d\u00e9parts enregistr\u00e9s par Strasbourg cet \u00e9t\u00e9, les deux m\u00e9dias ne s\u2019accordent pas : L\u2019\u00c9quipe \u00e9voque un 24e d\u00e9part, tandis que Foot Mercato parle d\u2019un 23e. Aucun des deux articles ne d\u00e9taille la m\u00e9thode de comptage retenue.<\/p>\n<p>Omobamidele s\u2019appr\u00eate donc \u00e0 d\u00e9couvrir un nouveau championnat, sans que Strasbourg n\u2019ait communiqu\u00e9 sur les modalit\u00e9s financi\u00e8res de ce pr\u00eat.<\/p>\n","protected":false},"excerpt":{"rendered":"Andrew Omobamidele quitte Strasbourg pour rejoindre Anderlecht sous la forme d\u2019un pr\u00eat sans option d\u2019achat, pour la dur\u00e9e&hellip;\n","protected":false},"author":2,"featured_media":1163791,"comment_status":"","ping_status":"","sticky":false,"template":"","format":"standard","meta":{"footnotes":"","_share_on_mastodon":"0"},"categories":[2820],"tags":[1111,11,24402,1777,674,1011,27,775,1434,12,119861,24894,25,640],"class_list":["post-1163790","post","type-post","status-publish","format-standard","has-post-thumbnail","category-strasbourg","tag-actu","tag-actualites","tag-anderlecht","tag-eu","tag-europe","tag-fr","tag-france","tag-grand-est","tag-mercato","tag-news","tag-omobamidele","tag-rcsa","tag-republique-francaise","tag-strasbourg"],"share_on_mastodon":{"url":"https:\/\/pubeurope.com\/@fr\/117203648260123273","error":""},"_links":{"self":[{"href":"https:\/\/www.europesays.com\/fr\/wp-json\/wp\/v2\/posts\/1163790","targetHints":{"allow":["GET"]}}],"collection":[{"href":"https:\/\/www.europesays.com\/fr\/wp-json\/wp\/v2\/posts"}],"about":[{"href":"https:\/\/www.europesays.com\/fr\/wp-json\/wp\/v2\/types\/post"}],"author":[{"embeddable":true,"href":"https:\/\/www.europesays.com\/fr\/wp-json\/wp\/v2\/users\/2"}],"replies":[{"embeddable":true,"href":"https:\/\/www.europesays.com\/fr\/wp-json\/wp\/v2\/comments?post=1163790"}],"version-history":[{"count":0,"href":"https:\/\/www.europesays.com\/fr\/wp-json\/wp\/v2\/posts\/1163790\/revisions"}],"wp:featuredmedia":[{"embeddable":true,"href":"https:\/\/www.europesays.com\/fr\/wp-json\/wp\/v2\/media\/1163791"}],"wp:attachment":[{"href":"https:\/\/www.europesays.com\/fr\/wp-json\/wp\/v2\/media?parent=1163790"}],"wp:term":[{"taxonomy":"category","embeddable":true,"href":"https:\/\/www.europesays.com\/fr\/wp-json\/wp\/v2\/categories?post=1163790"},{"taxonomy":"post_tag","embeddable":true,"href":"https:\/\/www.europesays.com\/fr\/wp-json\/wp\/v2\/tags?post=1163790"}],"curies":[{"name":"wp","href":"https:\/\/api.w.org\/{rel}","templated":true}]}}