{"id":1163796,"date":"2026-09-02T21:52:41","date_gmt":"2026-09-02T21:52:41","guid":{"rendered":"https:\/\/www.europesays.com\/fr\/1163796\/"},"modified":"2026-09-02T21:52:41","modified_gmt":"2026-09-02T21:52:41","slug":"a-labordage-le-cafe-ou-il-fait-bon-se-poser","status":"publish","type":"post","link":"https:\/\/www.europesays.com\/fr\/1163796\/","title":{"rendered":"\u00c0 l\u2019abord\u2019\u00e2ge, le caf\u00e9 o\u00f9 il fait bon se poser"},"content":{"rendered":"<p>Visible de loin, l\u2019enseigne rouge vif interpelle\u00a0: \u00ab\u00a0\u00c0 l\u2019abord\u2019\u00e2ge\u00a0\u00bb, le caf\u00e9 des enfants. Cr\u00e9e en 2005, ce caf\u00e9 familial et associatif est un v\u00e9ritable espace de vie sociale. Ici, les familles se posent le temps d\u2019un caf\u00e9, viennent jouer avec leurs enfants, discuter ou d\u00e9jeuner avec les autres parents, participer \u00e0 des ateliers. En ce mercredi de juillet, Yuno s\u2019amuse dans un coin, apr\u00e8s avoir fait un jeu de soci\u00e9t\u00e9 avec son papa R\u00e9mi qui boit un caf\u00e9 en discutant avec Max, salari\u00e9 du lieu.\u00a0<\/p>\n<p>\u00ab\u00a0Je suis s\u00e9par\u00e9 et avec mon ex-compagne, c\u2019est ici qu\u2019on se retrouve le mercredi matin pour faire la passation, raconte R\u00e9mi. C\u2019est un lieu tr\u00e8s sympa avec plein de jeux.\u00a0\u00bb Au m\u00eame moment, sur la terrasse, un atelier d\u2019\u00e9veil musical a lieu pour les 0-3 ans. Gaby est venue avec ses grands-parents et Nola teste le piano sous les yeux de sa maman Cl\u00e9lie. \u00ab\u00a0Je venais beaucoup pendant mon cong\u00e9 parental pour que Nola interagisse avec d\u2019autres enfants, maintenant qu\u2019elle est plus grande je viens deux fois par mois environ, faire des jeux. J\u2019ai d\u00e9cid\u00e9 de m\u2019investir comme b\u00e9n\u00e9vole tr\u00e9sori\u00e8re parce qu\u2019il est important de faire vivre des lieux comme celui-ci\u00a0!\u00a0\u00bb<\/p>\n","protected":false},"excerpt":{"rendered":"Visible de loin, l\u2019enseigne rouge vif interpelle\u00a0: \u00ab\u00a0\u00c0 l\u2019abord\u2019\u00e2ge\u00a0\u00bb, le caf\u00e9 des enfants. Cr\u00e9e en 2005, ce caf\u00e9&hellip;\n","protected":false},"author":2,"featured_media":1163797,"comment_status":"","ping_status":"","sticky":false,"template":"","format":"standard","meta":{"footnotes":"","_share_on_mastodon":"0"},"categories":[2818],"tags":[1111,11,1777,674,1011,27,766,12,2636,25],"class_list":["post-1163796","post","type-post","status-publish","format-standard","has-post-thumbnail","category-nantes","tag-actu","tag-actualites","tag-eu","tag-europe","tag-fr","tag-france","tag-nantes","tag-news","tag-pays-de-la-loire","tag-republique-francaise"],"share_on_mastodon":{"url":"https:\/\/pubeurope.com\/@fr\/117203667655783563","error":""},"_links":{"self":[{"href":"https:\/\/www.europesays.com\/fr\/wp-json\/wp\/v2\/posts\/1163796","targetHints":{"allow":["GET"]}}],"collection":[{"href":"https:\/\/www.europesays.com\/fr\/wp-json\/wp\/v2\/posts"}],"about":[{"href":"https:\/\/www.europesays.com\/fr\/wp-json\/wp\/v2\/types\/post"}],"author":[{"embeddable":true,"href":"https:\/\/www.europesays.com\/fr\/wp-json\/wp\/v2\/users\/2"}],"replies":[{"embeddable":true,"href":"https:\/\/www.europesays.com\/fr\/wp-json\/wp\/v2\/comments?post=1163796"}],"version-history":[{"count":0,"href":"https:\/\/www.europesays.com\/fr\/wp-json\/wp\/v2\/posts\/1163796\/revisions"}],"wp:featuredmedia":[{"embeddable":true,"href":"https:\/\/www.europesays.com\/fr\/wp-json\/wp\/v2\/media\/1163797"}],"wp:attachment":[{"href":"https:\/\/www.europesays.com\/fr\/wp-json\/wp\/v2\/media?parent=1163796"}],"wp:term":[{"taxonomy":"category","embeddable":true,"href":"https:\/\/www.europesays.com\/fr\/wp-json\/wp\/v2\/categories?post=1163796"},{"taxonomy":"post_tag","embeddable":true,"href":"https:\/\/www.europesays.com\/fr\/wp-json\/wp\/v2\/tags?post=1163796"}],"curies":[{"name":"wp","href":"https:\/\/api.w.org\/{rel}","templated":true}]}}