{"id":1163798,"date":"2026-09-02T21:54:17","date_gmt":"2026-09-02T21:54:17","guid":{"rendered":"https:\/\/www.europesays.com\/fr\/1163798\/"},"modified":"2026-09-02T21:54:17","modified_gmt":"2026-09-02T21:54:17","slug":"ligue-2-nantes-clermont-programme-lors-du-multiplex-le-vendredi-soir","status":"publish","type":"post","link":"https:\/\/www.europesays.com\/fr\/1163798\/","title":{"rendered":"Ligue 2 : Nantes-Clermont programm\u00e9 lors du multiplex le vendredi soir"},"content":{"rendered":"<p>Dans le cadre de la 11\u1d49 journ\u00e9e de Ligue 2, le FCN recevra Clermont, actuel 16e du championnat, le vendredi 30 octobre \u00e0 20h00.<\/p>\n<p>Il va falloir s\u2019y faire\u2026 Avec la rel\u00e9gation des Canaris en seconde division, de nouveaux horaires de matchs pourraient emmener le FCN \u00e0 disputer la plupart de ses matchs le samedi, soit \u00e0 14h00, soit \u00e0 20h00. M\u00eame si le cr\u00e9neau du lundi soir et le multiplex du vendredi \u00e0 20h00 restent des options plausibles, et on va bien s\u2019en rendre compte pour cette onzi\u00e8me journ\u00e9e o\u00f9 le match des Canaris se retrouve programm\u00e9 lors de la soir\u00e9e multiplex du vendredi soir.<\/p>\n<p>\u00c0 un peu moins de deux mois de la rencontre, <a href=\"https:\/\/ligue1.com\/fr\/articles\/l1_article_5695-programmation-tv-j9-ligue-2-2026-2027\" rel=\"nofollow noopener\" target=\"_blank\">la LFP a d\u00e9voil\u00e9 la date et l\u2019heure du match<\/a> entre les Nantais et les Clermontois. La rencontre aura lieu au stade de la Beaujoire \u00e0 20h00, le vendredi 30 octobre. Le match sera diffus\u00e9 sur beIN SPORTS 1 en multiplex et en int\u00e9gralit\u00e9 sur beIN Sports Max 4.<\/p>\n<p>Programme de la 11\u1d49 journ\u00e9e de Ligue 2 (du 30 octobre au 2 novembre 2026)<\/p>\n<p>Retrouvez ci-dessous la programmation compl\u00e8te de la 11\u1d49 journ\u00e9e de championnat avec de nouveau de belles affiches pour les \u00ab grosses \u00e9curies \u00bb de Ligue 2 BKT.<\/p>\n<p><strong>Vendredi 30 octobre \u00e0 20h00<\/strong><\/p>\n<p>(le Multiplex sur beIN SPORTS 1 et les matchs en int\u00e9gralit\u00e9 sur les canaux beIN SPORTS MAX)<\/p>\n<ul>\n<li>Rodez Aveyron Football \u2013 USL Dunkerque<\/li>\n<li>Grenoble Foot 38 \u2013 Dijon FCO<\/li>\n<li><strong>FC Nantes \u2013 Clermont Foot 63<\/strong><\/li>\n<li>FC Metz \u2013 Pau FC<\/li>\n<li>Stade Lavallois MFC \u2013 US Boulogne CO<\/li>\n<\/ul>\n<p><strong>Samedi 31 octobre 2026<\/strong><\/p>\n<ul>\n<li><strong>14h00 : Stade de Reims \u2013 FC Sochaux-Montb\u00e9liard (beIN Sports 1)<\/strong><\/li>\n<li>14h00 : FC Annecy \u2013 Montpellier H\u00e9rault SC (beIN Sports 2)<\/li>\n<li>20h00 : EA Guingamp \u2013 AS Saint-\u00c9tienne (beIN Sports 1)<\/li>\n<\/ul>\n<p><strong>Lundi 2 novembre 2026<\/strong><\/p>\n<ul>\n<li>20h45 : Red Star FC \u2013 AS Nancy-Lorraine (beIN Sports 1)<\/li>\n<\/ul>\n","protected":false},"excerpt":{"rendered":"Dans le cadre de la 11\u1d49 journ\u00e9e de Ligue 2, le FCN recevra Clermont, actuel 16e du championnat,&hellip;\n","protected":false},"author":2,"featured_media":1163799,"comment_status":"","ping_status":"","sticky":false,"template":"","format":"standard","meta":{"footnotes":"","_share_on_mastodon":"0"},"categories":[2818],"tags":[1111,11,1777,674,1011,27,766,12,2636,25],"class_list":["post-1163798","post","type-post","status-publish","format-standard","has-post-thumbnail","category-nantes","tag-actu","tag-actualites","tag-eu","tag-europe","tag-fr","tag-france","tag-nantes","tag-news","tag-pays-de-la-loire","tag-republique-francaise"],"share_on_mastodon":{"url":"https:\/\/pubeurope.com\/@fr\/117203675898580528","error":""},"_links":{"self":[{"href":"https:\/\/www.europesays.com\/fr\/wp-json\/wp\/v2\/posts\/1163798","targetHints":{"allow":["GET"]}}],"collection":[{"href":"https:\/\/www.europesays.com\/fr\/wp-json\/wp\/v2\/posts"}],"about":[{"href":"https:\/\/www.europesays.com\/fr\/wp-json\/wp\/v2\/types\/post"}],"author":[{"embeddable":true,"href":"https:\/\/www.europesays.com\/fr\/wp-json\/wp\/v2\/users\/2"}],"replies":[{"embeddable":true,"href":"https:\/\/www.europesays.com\/fr\/wp-json\/wp\/v2\/comments?post=1163798"}],"version-history":[{"count":0,"href":"https:\/\/www.europesays.com\/fr\/wp-json\/wp\/v2\/posts\/1163798\/revisions"}],"wp:featuredmedia":[{"embeddable":true,"href":"https:\/\/www.europesays.com\/fr\/wp-json\/wp\/v2\/media\/1163799"}],"wp:attachment":[{"href":"https:\/\/www.europesays.com\/fr\/wp-json\/wp\/v2\/media?parent=1163798"}],"wp:term":[{"taxonomy":"category","embeddable":true,"href":"https:\/\/www.europesays.com\/fr\/wp-json\/wp\/v2\/categories?post=1163798"},{"taxonomy":"post_tag","embeddable":true,"href":"https:\/\/www.europesays.com\/fr\/wp-json\/wp\/v2\/tags?post=1163798"}],"curies":[{"name":"wp","href":"https:\/\/api.w.org\/{rel}","templated":true}]}}