{"id":116380,"date":"2025-05-21T08:15:09","date_gmt":"2025-05-21T08:15:09","guid":{"rendered":"https:\/\/www.europesays.com\/fr\/116380\/"},"modified":"2025-05-21T08:15:09","modified_gmt":"2025-05-21T08:15:09","slug":"mercato-julien-laporte-sera-a-montpellier-ce-jeudi","status":"publish","type":"post","link":"https:\/\/www.europesays.com\/fr\/116380\/","title":{"rendered":"[Mercato] Julien Laporte sera \u00e0 Montpellier ce jeudi !"},"content":{"rendered":"<p>Le MHSC a bel et bien lanc\u00e9 son mercato. R\u00e9cemment, <a href=\"https:\/\/www.allezpaillade.com\/transferts\/le-mhsc-a-fond-sur-julien-laporte\/\" title=\"Ouest France annon\u00e7ait\" rel=\"nofollow noopener\" target=\"_blank\">Ouest France annon\u00e7ait<\/a> que Montpellier avait propos\u00e9 un contrat de 3 ans au d\u00e9fenseur en fin de contrat au FC Lorient, Julien Laporte. Il semblerait que le joueur de 31 ans ait \u00e9t\u00e9 convaincu, puisque d\u2019apr\u00e8s Mohamed Toubache Ter sur Twitter, il devrait d\u00e9barquer \u00e0 Montpellier ce jeudi. Le joueur ultra-exp\u00e9riment\u00e9 aurait donc refuser de prolonger avec son club pour s\u2019engager dans l\u2019H\u00e9rault. Nous le savons, tant que rien n\u2019est sign\u00e9, tout peut se passer, mais il semblerait que son arriv\u00e9e soit en tr\u00e8s bonne voie.<\/p>\n<blockquote class=\"twitter-tweet\">\n<p lang=\"fr\" dir=\"ltr\">Julien Laporte d\u00e9barque \u00e0 Montpellier\u2026 Jeudi !! <a href=\"https:\/\/twitter.com\/hashtag\/MHSC?src=hash&amp;ref_src=twsrc%5Etfw\" rel=\"nofollow noopener\" target=\"_blank\">#MHSC<\/a> <a href=\"https:\/\/twitter.com\/hashtag\/FCLorient?src=hash&amp;ref_src=twsrc%5Etfw\" rel=\"nofollow noopener\" target=\"_blank\">#FCLorient<\/a> <a href=\"https:\/\/t.co\/KvoSEwOrFW\" rel=\"nofollow\">https:\/\/t.co\/KvoSEwOrFW<\/a><\/p>\n<p>\u2014 Mohamed TOUBACHE-TER (@MohamedTERParis) <a href=\"https:\/\/twitter.com\/MohamedTERParis\/status\/1925095698376069283?ref_src=twsrc%5Etfw\" rel=\"nofollow noopener\" target=\"_blank\">May 21, 2025<\/a><\/p>\n<\/blockquote>\n<p>  <script async src=\"https:\/\/platform.twitter.com\/widgets.js\" charset=\"utf-8\"><\/script><\/p>\n","protected":false},"excerpt":{"rendered":"Le MHSC a bel et bien lanc\u00e9 son mercato. R\u00e9cemment, Ouest France annon\u00e7ait que Montpellier avait propos\u00e9 un&hellip;\n","protected":false},"author":2,"featured_media":116381,"comment_status":"","ping_status":"","sticky":false,"template":"","format":"standard","meta":{"footnotes":""},"categories":[9599],"tags":[328,1111,11,1777,674,1011,27,1434,2208,12,2680,25],"class_list":{"0":"post-116380","1":"post","2":"type-post","3":"status-publish","4":"format-standard","5":"has-post-thumbnail","7":"category-montpellier","8":"tag-a-la-une","9":"tag-actu","10":"tag-actualites","11":"tag-eu","12":"tag-europe","13":"tag-fr","14":"tag-france","15":"tag-mercato","16":"tag-montpellier","17":"tag-news","18":"tag-occitanie","19":"tag-republique-francaise"},"share_on_mastodon":{"url":"https:\/\/pubeurope.com\/@fr\/114544831601442071","error":""},"_links":{"self":[{"href":"https:\/\/www.europesays.com\/fr\/wp-json\/wp\/v2\/posts\/116380","targetHints":{"allow":["GET"]}}],"collection":[{"href":"https:\/\/www.europesays.com\/fr\/wp-json\/wp\/v2\/posts"}],"about":[{"href":"https:\/\/www.europesays.com\/fr\/wp-json\/wp\/v2\/types\/post"}],"author":[{"embeddable":true,"href":"https:\/\/www.europesays.com\/fr\/wp-json\/wp\/v2\/users\/2"}],"replies":[{"embeddable":true,"href":"https:\/\/www.europesays.com\/fr\/wp-json\/wp\/v2\/comments?post=116380"}],"version-history":[{"count":0,"href":"https:\/\/www.europesays.com\/fr\/wp-json\/wp\/v2\/posts\/116380\/revisions"}],"wp:featuredmedia":[{"embeddable":true,"href":"https:\/\/www.europesays.com\/fr\/wp-json\/wp\/v2\/media\/116381"}],"wp:attachment":[{"href":"https:\/\/www.europesays.com\/fr\/wp-json\/wp\/v2\/media?parent=116380"}],"wp:term":[{"taxonomy":"category","embeddable":true,"href":"https:\/\/www.europesays.com\/fr\/wp-json\/wp\/v2\/categories?post=116380"},{"taxonomy":"post_tag","embeddable":true,"href":"https:\/\/www.europesays.com\/fr\/wp-json\/wp\/v2\/tags?post=116380"}],"curies":[{"name":"wp","href":"https:\/\/api.w.org\/{rel}","templated":true}]}}