{"id":1163815,"date":"2026-09-02T22:05:16","date_gmt":"2026-09-02T22:05:16","guid":{"rendered":"https:\/\/www.europesays.com\/fr\/1163815\/"},"modified":"2026-09-02T22:05:16","modified_gmt":"2026-09-02T22:05:16","slug":"le-fantome-des-terreaux-de-jacques-morize","status":"publish","type":"post","link":"https:\/\/www.europesays.com\/fr\/1163815\/","title":{"rendered":"\u00ab\u00a0LE FANT\u00d4ME DES TERREAUX\u00a0\u00bb de Jacques MORIZE &#8211;"},"content":{"rendered":"<p>\t\t\t\t<img fetchpriority=\"high\" decoding=\"async\" width=\"571\" height=\"900\" src=\"https:\/\/www.europesays.com\/fr\/wp-content\/uploads\/2026\/09\/LE-FANTOME-DES-TERREAUX-de-Jacques-MORIZE.jpg\" alt=\"\" title=\"LE FANT\u00d4ME DES TERREAUX de Jacques MORIZE\"   class=\"wp-image-180634\"\/><\/p>\n<p><strong>Texte : Jacques Bruyas<\/strong> \u2013 Quatre toiles prestigieuses pr\u00eat\u00e9es au mus\u00e9e des Beaux-Arts de Lyon sont d\u00e9rob\u00e9es par un \u00ab\u00a0fant\u00f4me\u00a0\u00bb, en pleine nuit, sans d\u00e9clencher les alarmes, ni alerter les vigiles.<\/p>\n<p>L\u2019enqu\u00eate est confi\u00e9e au patron de la brigade criminelle, le commissaire Abel S\u00e9verac. La traque du suspect sera jalonn\u00e9e de surprises, affaires connexes et fausses pistes. S\u2019il compte sur sa fid\u00e8le \u00e9quipe, les \u00ab\u00a0bras cass\u00e9s\u00a0\u00bb, Annie la lieutenante, Nicolas, dit Le H\u00e9risson, le commissaire doit cependant composer avec son sup\u00e9rieur, Duroc-Mallet, et la juge Malardin\u2026 Il n\u2019en oublie pas son fiston, Paul, venu \u00e9tudier \u00e0 Lyon, avec qui il partage son penchant immod\u00e9r\u00e9 pour les bonnes choses de la vie et l\u2019agitation nocturne de Lyon dont le centre n\u00e9vralgique reste le quadrilat\u00e8re des Terreaux \u00e0 la rue Grenette et les rives des deux \u00ab\u00a0fleuves\u00a0\u00bb lyonnais\u2026<\/p>\n<p><strong>\u00c9ditions\u00a0A.O \/ 256 pages \/ 21 euros<\/strong><\/p>\n<p>\u00a0<\/p>\n","protected":false},"excerpt":{"rendered":"Texte : Jacques Bruyas \u2013 Quatre toiles prestigieuses pr\u00eat\u00e9es au mus\u00e9e des Beaux-Arts de Lyon sont d\u00e9rob\u00e9es par&hellip;\n","protected":false},"author":2,"featured_media":1163816,"comment_status":"","ping_status":"","sticky":false,"template":"","format":"standard","meta":{"footnotes":"","_share_on_mastodon":"0"},"categories":[1889],"tags":[4257,1111,47,4258,11,2430,1777,674,1011,27,119862,2428,12,25],"class_list":["post-1163815","post","type-post","status-publish","format-standard","has-post-thumbnail","category-lyon","tag-0top","tag-actu","tag-actualite","tag-actualite-lyon","tag-actualites","tag-auvergne-rhone-alpes","tag-eu","tag-europe","tag-fr","tag-france","tag-jacques-morize","tag-lyon","tag-news","tag-republique-francaise"],"share_on_mastodon":{"url":"https:\/\/pubeurope.com\/@fr\/117203720894139397","error":""},"_links":{"self":[{"href":"https:\/\/www.europesays.com\/fr\/wp-json\/wp\/v2\/posts\/1163815","targetHints":{"allow":["GET"]}}],"collection":[{"href":"https:\/\/www.europesays.com\/fr\/wp-json\/wp\/v2\/posts"}],"about":[{"href":"https:\/\/www.europesays.com\/fr\/wp-json\/wp\/v2\/types\/post"}],"author":[{"embeddable":true,"href":"https:\/\/www.europesays.com\/fr\/wp-json\/wp\/v2\/users\/2"}],"replies":[{"embeddable":true,"href":"https:\/\/www.europesays.com\/fr\/wp-json\/wp\/v2\/comments?post=1163815"}],"version-history":[{"count":0,"href":"https:\/\/www.europesays.com\/fr\/wp-json\/wp\/v2\/posts\/1163815\/revisions"}],"wp:featuredmedia":[{"embeddable":true,"href":"https:\/\/www.europesays.com\/fr\/wp-json\/wp\/v2\/media\/1163816"}],"wp:attachment":[{"href":"https:\/\/www.europesays.com\/fr\/wp-json\/wp\/v2\/media?parent=1163815"}],"wp:term":[{"taxonomy":"category","embeddable":true,"href":"https:\/\/www.europesays.com\/fr\/wp-json\/wp\/v2\/categories?post=1163815"},{"taxonomy":"post_tag","embeddable":true,"href":"https:\/\/www.europesays.com\/fr\/wp-json\/wp\/v2\/tags?post=1163815"}],"curies":[{"name":"wp","href":"https:\/\/api.w.org\/{rel}","templated":true}]}}