{"id":1163817,"date":"2026-09-02T22:06:15","date_gmt":"2026-09-02T22:06:15","guid":{"rendered":"https:\/\/www.europesays.com\/fr\/1163817\/"},"modified":"2026-09-02T22:06:15","modified_gmt":"2026-09-02T22:06:15","slug":"lyon-rachat-de-marionnaud-les-salaries-manifestent-pour-obtenir-des-garanties","status":"publish","type":"post","link":"https:\/\/www.europesays.com\/fr\/1163817\/","title":{"rendered":"Lyon. Rachat de Marionnaud\u00a0: les salari\u00e9s manifestent pour obtenir des garanties"},"content":{"rendered":"<p>L e bruit des sifflets retentit rue Victor-Hugo. En face de l\u2019une des 16 boutiques lyonnaises de Marionnaud, une quarantaine de salari\u00e9s, notamment du Rh\u00f4ne, se rassemble.\u00a0Leur objectif\u00a0: militer pour obtenir des garanties d\u2019emploi de leur propri\u00e9taire, AS Watson, alors que la soci\u00e9t\u00e9 Behn, cr\u00e9\u00e9e par David Konckier s\u2019appr\u00eate \u00e0 reprendre l\u2019enseigne. \u00ab\u00a0On est dans le flou\u00a0\u00bb, glisse B\u00e9atrice. Responsable d\u2019une boutique \u00e0 la Croix-Rousse, apr\u00e8s 39 ans de services, elle s\u2019inqui\u00e8te de l\u2019avenir des autres parfumeries. Pour rappel, au niveau national, pr\u00e8s de 110 pourraient fermer, ce qui a provoqu\u00e9 une premi\u00e8re&#8230;<\/p>\n","protected":false},"excerpt":{"rendered":"L e bruit des sifflets retentit rue Victor-Hugo. En face de l\u2019une des 16 boutiques lyonnaises de Marionnaud,&hellip;\n","protected":false},"author":2,"featured_media":1163818,"comment_status":"","ping_status":"","sticky":false,"template":"","format":"standard","meta":{"footnotes":"","_share_on_mastodon":"0"},"categories":[1889],"tags":[1111,11,2430,4406,9671,33,341,1777,674,1011,27,2428,12,25,801,216],"class_list":["post-1163817","post","type-post","status-publish","format-standard","has-post-thumbnail","category-lyon","tag-actu","tag-actualites","tag-auvergne-rhone-alpes","tag-commerce-et-services","tag-conflit-social","tag-economie","tag-emploi","tag-eu","tag-europe","tag-fr","tag-france","tag-lyon","tag-news","tag-republique-francaise","tag-social","tag-vie-des-entreprises"],"share_on_mastodon":{"url":"https:\/\/pubeurope.com\/@fr\/117203723140279835","error":""},"_links":{"self":[{"href":"https:\/\/www.europesays.com\/fr\/wp-json\/wp\/v2\/posts\/1163817","targetHints":{"allow":["GET"]}}],"collection":[{"href":"https:\/\/www.europesays.com\/fr\/wp-json\/wp\/v2\/posts"}],"about":[{"href":"https:\/\/www.europesays.com\/fr\/wp-json\/wp\/v2\/types\/post"}],"author":[{"embeddable":true,"href":"https:\/\/www.europesays.com\/fr\/wp-json\/wp\/v2\/users\/2"}],"replies":[{"embeddable":true,"href":"https:\/\/www.europesays.com\/fr\/wp-json\/wp\/v2\/comments?post=1163817"}],"version-history":[{"count":0,"href":"https:\/\/www.europesays.com\/fr\/wp-json\/wp\/v2\/posts\/1163817\/revisions"}],"wp:featuredmedia":[{"embeddable":true,"href":"https:\/\/www.europesays.com\/fr\/wp-json\/wp\/v2\/media\/1163818"}],"wp:attachment":[{"href":"https:\/\/www.europesays.com\/fr\/wp-json\/wp\/v2\/media?parent=1163817"}],"wp:term":[{"taxonomy":"category","embeddable":true,"href":"https:\/\/www.europesays.com\/fr\/wp-json\/wp\/v2\/categories?post=1163817"},{"taxonomy":"post_tag","embeddable":true,"href":"https:\/\/www.europesays.com\/fr\/wp-json\/wp\/v2\/tags?post=1163817"}],"curies":[{"name":"wp","href":"https:\/\/api.w.org\/{rel}","templated":true}]}}