{"id":1163821,"date":"2026-09-02T22:08:16","date_gmt":"2026-09-02T22:08:16","guid":{"rendered":"https:\/\/www.europesays.com\/fr\/1163821\/"},"modified":"2026-09-02T22:08:16","modified_gmt":"2026-09-02T22:08:16","slug":"cest-fou-de-detruire-ces-arbres-dans-le-16e-arrondissement-de-paris-un-chantier-de-hlm-excede-les-riverains","status":"publish","type":"post","link":"https:\/\/www.europesays.com\/fr\/1163821\/","title":{"rendered":"\u00ab C&rsquo;est fou de d\u00e9truire ces arbres \u00bb : dans le 16e arrondissement de Paris, un chantier de HLM exc\u00e8de les riverains"},"content":{"rendered":"<p>                    Par<br \/>\n        <strong><br \/>\n            <a href=\"https:\/\/actu.fr\/auteur\/arthur-guillamo\" title=\"Consulter tous les articles de Arthur Guillamo\" rel=\"nofollow noopener\" target=\"_blank\">Arthur Guillamo<\/a><br \/>\n                    <\/strong><\/p>\n<p>        Publi\u00e9 le<\/p>\n<p>            2 sept. 2026 \u00e0 17h04        <\/p>\n<p>Les travaux de construction de logements sociaux et d\u2019une \u00e9cole, <a href=\"https:\/\/actu.fr\/ile-de-france\/paris_75056\/suicide-de-mike-brant-cannibale-incendie-mortel-cette-rue-de-paris-est-maudite_38608190.html\" rel=\"nofollow noopener\" target=\"_blank\">rue Erlanger<\/a>, dans le 16e arrondissement de Paris, ont d\u00e9but\u00e9 depuis le 27\u00a0ao\u00fbt dernier avec l\u2019abattage des premiers arbres.<\/p>\n<p class=\" wall-content\">Une nouvelle \u00e9tape dans ce conflit qui oppose depuis plusieurs ann\u00e9es des habitants du 16e arrondissement et la Mairie de Paris. Ces riverains, accompagn\u00e9s d\u2019associations de protection de l\u2019environnement, et soutenus par le maire du 16e arrondissement J\u00e9r\u00e9my Redler, d\u00e9noncent la densification de leur quartier et la destruction d\u2019espaces verts, dans un contexte de canicules r\u00e9p\u00e9t\u00e9es.<\/p>\n<p class=\" wall-content\">Les habitants avaient d\u2019ailleurs saisi le Conseil d\u2019\u00c9tat et le tribunal administratif pour faire annuler ce projet de construction dans la rue Erlanger et le boulevard Exelmans. <a href=\"https:\/\/actu.fr\/ile-de-france\/paris_75056\/le-conseil-d-etat-tranche-a-paris-ce-vaste-projet-d-ecole-et-de-logements-sociaux-du-16e-pourra-bien-etre-construit_64461252.html\" rel=\"nofollow noopener\" target=\"_blank\">Ils ont \u00e9t\u00e9 d\u00e9bout\u00e9s de tous leurs recours<\/a> en juin, puis en ao\u00fbt dernier.<\/p>\n<p>\u00ab\u2009Il faut agir vite\u2009!\u2009\u00bb<\/p>\n<p class=\" wall-content\">Sur les r\u00e9seaux sociaux, de nombreux messages s\u2019offusquent de l\u2019abattage en cours d\u2019arbres sur la zone\u2009: \u00ab\u2009C\u2019est compl\u00e8tement fou de d\u00e9truire ces arbres, de b\u00e9toniser, de densifier encore la population, surtout compte tenu des conditions climatiques actuelles, il faut agir vite\u2009!\u2009\u00bb, appelle cette habitante du 16e arrondissement.<\/p>\n<p class=\" wall-content\">Sur les r\u00e9seaux sociaux, d\u2019autres internautes consid\u00e8rent que les revendications \u00e9cologiques des riverains cachent en r\u00e9alit\u00e9 une opposition \u00e0 la construction de logements sociaux dans leur quartier\u2009: \u00ab\u2009Alors maintenant les nantis du 16e deviennent des \u00e9colos, tout \u00e7a parce qu\u2019on va b\u00e2tir des logements. Vous voulez rester entre vous, cette fois il va falloir apprendre \u00e0 vivre avec les autres\u2009\u00bb, d\u00e9nonce un Parisien.<\/p>\n<p class=\" wall-content\">Le projet, port\u00e9 par Paris Habitat, dont le permis de construire avait \u00e9t\u00e9 d\u00e9livr\u00e9 en 2018 par la Mairie de Paris, pr\u00e9voit la construction de 48 logements sociaux, d\u2019une pension de famille, d\u2019une \u00e9cole et d\u2019une cr\u00e8che pour une surface totale de 7\u2009650 m\u00b2, non loin de la Porte d\u2019Auteuil. Il vise \u00e0 \u00ab\u2009r\u00e9pondre aux besoins en services et en logements sociaux du quartier\u2009\u00bb dans une zone de \u00ab\u2009d\u00e9ficit en logement social\u2009\u00bb.<\/p>\n<p class=\" wall-content\">Personnalisez votre actualit\u00e9 en ajoutant vos villes et m\u00e9dias en favori avec <a href=\"https:\/\/moncompte.actu.fr\" title=\"D\u00e9couvez Mon Actu\" rel=\"nofollow noopener\" data-trk=\"{&quot;cta&quot;:{&quot;action&quot;:&quot;https:\\\/\\\/moncompte.actu.fr&quot;,&quot;category&quot;:&quot;mon compte&quot;,&quot;from&quot;:&quot;article footer&quot;,&quot;name&quot;:&quot;Mon actu&quot;,&quot;type&quot;:&quot;cta&quot;}}\" target=\"_blank\">Mon Actu<\/a>.<\/p>\n","protected":false},"excerpt":{"rendered":"Par Arthur Guillamo Publi\u00e9 le 2 sept. 2026 \u00e0 17h04 Les travaux de construction de logements sociaux et&hellip;\n","protected":false},"author":2,"featured_media":1163822,"comment_status":"","ping_status":"","sticky":false,"template":"","format":"standard","meta":{"footnotes":"","_share_on_mastodon":"0"},"categories":[1888],"tags":[1111,1928,11,1927,436,1777,674,1011,27,6459,12,1926,626,1925,25,104,1352],"class_list":["post-1163821","post","type-post","status-publish","format-standard","has-post-thumbnail","category-paris","tag-actu","tag-actu-paris","tag-actualites","tag-actualites-paris","tag-environnement","tag-eu","tag-europe","tag-fr","tag-france","tag-logements-sociaux","tag-news","tag-news-paris","tag-paris","tag-paris-news","tag-republique-francaise","tag-societe","tag-urbanisme"],"share_on_mastodon":{"url":"https:\/\/pubeurope.com\/@fr\/117203731127056362","error":""},"_links":{"self":[{"href":"https:\/\/www.europesays.com\/fr\/wp-json\/wp\/v2\/posts\/1163821","targetHints":{"allow":["GET"]}}],"collection":[{"href":"https:\/\/www.europesays.com\/fr\/wp-json\/wp\/v2\/posts"}],"about":[{"href":"https:\/\/www.europesays.com\/fr\/wp-json\/wp\/v2\/types\/post"}],"author":[{"embeddable":true,"href":"https:\/\/www.europesays.com\/fr\/wp-json\/wp\/v2\/users\/2"}],"replies":[{"embeddable":true,"href":"https:\/\/www.europesays.com\/fr\/wp-json\/wp\/v2\/comments?post=1163821"}],"version-history":[{"count":0,"href":"https:\/\/www.europesays.com\/fr\/wp-json\/wp\/v2\/posts\/1163821\/revisions"}],"wp:featuredmedia":[{"embeddable":true,"href":"https:\/\/www.europesays.com\/fr\/wp-json\/wp\/v2\/media\/1163822"}],"wp:attachment":[{"href":"https:\/\/www.europesays.com\/fr\/wp-json\/wp\/v2\/media?parent=1163821"}],"wp:term":[{"taxonomy":"category","embeddable":true,"href":"https:\/\/www.europesays.com\/fr\/wp-json\/wp\/v2\/categories?post=1163821"},{"taxonomy":"post_tag","embeddable":true,"href":"https:\/\/www.europesays.com\/fr\/wp-json\/wp\/v2\/tags?post=1163821"}],"curies":[{"name":"wp","href":"https:\/\/api.w.org\/{rel}","templated":true}]}}