{"id":1163837,"date":"2026-09-02T22:16:24","date_gmt":"2026-09-02T22:16:24","guid":{"rendered":"https:\/\/www.europesays.com\/fr\/1163837\/"},"modified":"2026-09-02T22:16:24","modified_gmt":"2026-09-02T22:16:24","slug":"feux-de-foret-flandre-pays-bas-et-allemagne-vont-renforcer-leur-cooperation-contre-les-feux-de-foret","status":"publish","type":"post","link":"https:\/\/www.europesays.com\/fr\/1163837\/","title":{"rendered":"Feux de for\u00eat &#8211; Flandre, Pays-Bas et Allemagne vont renforcer leur coop\u00e9ration contre les feux de for\u00eat"},"content":{"rendered":"<p class=\"ap-StoryElement ap-StoryElement--mb ap-StoryText\">Un projet portera sur l&rsquo;adaptation au changement climatique, notamment gr\u00e2ce \u00e0 la d\u00e9tection pr\u00e9coce et \u00e0 une coordination transfrontali\u00e8re.<\/p>\n<p class=\"ap-StoryElement ap-StoryElement--mb ap-StoryText\">Enfin, un troisi\u00e8me projet, baptis\u00e9 Fire-Watch, vise \u00e0 d\u00e9ployer des cam\u00e9ras intelligentes \u00e0 des endroits strat\u00e9giques dans le but de d\u00e9tecter rapidement les d\u00e9parts de feu.<\/p>\n<p class=\"ap-StoryElement ap-StoryElement--mb ap-StoryText\">\u00ab\u00a0Un feu de for\u00eat ne s&rsquo;arr\u00eate pas \u00e0 la fronti\u00e8re, notre approche ne doit donc pas s&rsquo;arr\u00eater non plus\u00a0\u00bb, a estim\u00e9 le ministre flamand de l&rsquo;Environnement Jo Brouns. \u00ab\u00a0Nous devons veiller \u00e0 ce que les services d&rsquo;incendie, les gestionnaires de la nature et les autorit\u00e9s se connaissent avant qu&rsquo;un incident ne survienne, puissent rapidement partager des informations et mobiliser les moyens et les \u00e9quipes de chacun. Mais il est tout aussi important d&#8217;emp\u00eacher qu&rsquo;un feu devienne incontr\u00f4lable.\u00a0\u00bb<\/p>\n<p class=\"ap-StoryElement ap-StoryElement--mb ap-StoryText\">C&rsquo;est pourquoi, selon le ministre, la Flandre investit notamment dans une d\u00e9tection plus rapide des d\u00e9parts de feu, une gestion adapt\u00e9e des espaces naturels et une meilleure pr\u00e9paration aux s\u00e9cheresses et aux ph\u00e9nom\u00e8nes m\u00e9t\u00e9orologiques extr\u00eames. \u00ab\u00a0Les accords conclus aujourd&rsquo;hui nous permettent de renforcer cette approche avec les Pays-Bas et l&rsquo;Allemagne\u00a0\u00bb, a-t-il conclu.<\/p>\n","protected":false},"excerpt":{"rendered":"Un projet portera sur l&rsquo;adaptation au changement climatique, notamment gr\u00e2ce \u00e0 la d\u00e9tection pr\u00e9coce et \u00e0 une coordination&hellip;\n","protected":false},"author":2,"featured_media":2837,"comment_status":"","ping_status":"","sticky":false,"template":"","format":"standard","meta":{"footnotes":"","_share_on_mastodon":"0"},"categories":[1587],"tags":[11,672,9999,1804,1805,1803,436,1777,674,1801,57300,1310,12,1802],"class_list":["post-1163837","post","type-post","status-publish","format-standard","has-post-thumbnail","category-allemagne","tag-actualites","tag-allemagne","tag-belgium","tag-bundesrepublik-deutschland","tag-de","tag-deutschland","tag-environnement","tag-eu","tag-europe","tag-germany","tag-gvtfla","tag-incendie","tag-news","tag-republique-federale-dallemagne"],"share_on_mastodon":{"url":"https:\/\/pubeurope.com\/@fr\/117203762301254275","error":""},"_links":{"self":[{"href":"https:\/\/www.europesays.com\/fr\/wp-json\/wp\/v2\/posts\/1163837","targetHints":{"allow":["GET"]}}],"collection":[{"href":"https:\/\/www.europesays.com\/fr\/wp-json\/wp\/v2\/posts"}],"about":[{"href":"https:\/\/www.europesays.com\/fr\/wp-json\/wp\/v2\/types\/post"}],"author":[{"embeddable":true,"href":"https:\/\/www.europesays.com\/fr\/wp-json\/wp\/v2\/users\/2"}],"replies":[{"embeddable":true,"href":"https:\/\/www.europesays.com\/fr\/wp-json\/wp\/v2\/comments?post=1163837"}],"version-history":[{"count":0,"href":"https:\/\/www.europesays.com\/fr\/wp-json\/wp\/v2\/posts\/1163837\/revisions"}],"wp:featuredmedia":[{"embeddable":true,"href":"https:\/\/www.europesays.com\/fr\/wp-json\/wp\/v2\/media\/2837"}],"wp:attachment":[{"href":"https:\/\/www.europesays.com\/fr\/wp-json\/wp\/v2\/media?parent=1163837"}],"wp:term":[{"taxonomy":"category","embeddable":true,"href":"https:\/\/www.europesays.com\/fr\/wp-json\/wp\/v2\/categories?post=1163837"},{"taxonomy":"post_tag","embeddable":true,"href":"https:\/\/www.europesays.com\/fr\/wp-json\/wp\/v2\/tags?post=1163837"}],"curies":[{"name":"wp","href":"https:\/\/api.w.org\/{rel}","templated":true}]}}