{"id":1163852,"date":"2026-09-02T22:31:16","date_gmt":"2026-09-02T22:31:16","guid":{"rendered":"https:\/\/www.europesays.com\/fr\/1163852\/"},"modified":"2026-09-02T22:31:16","modified_gmt":"2026-09-02T22:31:16","slug":"vuelta-2026-le-classement-apres-la-11e-etape-remportee-par-matthew-brennan-lequipe","status":"publish","type":"post","link":"https:\/\/www.europesays.com\/fr\/1163852\/","title":{"rendered":"Vuelta 2026 : le classement apr\u00e8s la 11e \u00e9tape remport\u00e9e par Matthew Brennan &#8211; L&#039;\u00c9quipe"},"content":{"rendered":"<ol>\n<li><a href=\"https:\/\/news.google.com\/rss\/articles\/CBMi0AFBVV95cUxOUkxoSUExbVFlTVdXOEQ0MUZXbzcycWsyMDZtbHR4cWlsQkVrV3owT3ZCdDdWRHBlMGpKZWZfSmQwdVh3cUI3VTRHaERCLWR6b0RlWkUyOGxYYlVTcHhSZTEtN3oyLUhQcmhfRFJBOWtQRkRsci1qUlJPOGM4c1BlLWU4bUN2X1hvZzQ1VXlfZGFWdVV2MU1oTDdSTUQ4eVlyWXBLN0Zpa0NXelRFajcySDJ4WFcyWnVFV0VDWkxOXzNtakFtODVHM0hEOW9LM19w?oc=5\" target=\"_blank\" rel=\"nofollow noopener\">Vuelta 2026 : le classement apr\u00e8s la 11e \u00e9tape remport\u00e9e par Matthew Brennan<\/a>&nbsp;&nbsp;L&rsquo;\u00c9quipe<\/li>\n<li><a href=\"https:\/\/news.google.com\/rss\/articles\/CBMilAFBVV95cUxPcVNRNDJXMmUzNDZ6MXk2YVk2TE9pbzhXLXpTbW15V09DUm1GZG9GY2xObEIxTlZiR1JMaFFuemtuT3VSSUFlUUxLeGY4MlpoVXdjTG1CRkZRZlV4ZE8zSWlVUTI2RHVXeVppTmJ5MzJRYW02T3BDX0gwVHRuLXRMLTQ4Y2l6M2FQeGktTjlscDFZbF9Q?oc=5\" target=\"_blank\" rel=\"nofollow noopener\">Vuelta 2026, 12\u00e8me \u00e9tape, course en direct le 03-09-2026<\/a>&nbsp;&nbsp;L&rsquo;\u00c9quipe<\/li>\n<li><a href=\"https:\/\/news.google.com\/rss\/articles\/CBMi7gFBVV95cUxNOEViZHVDeC1Jal9TNkItVnA5cDh1N1NrUnlkVmxtNFJqRFFWWHgxdE1NdDZqTlNoeDdoTjZYaHpTREpGVnJ5SlpZNlJLY1FqRTBNS1lFXzJWdEo5ZlppZ3R6LU9xZkc0aGxjN2pwMkJFeHFsVncxS2ZGYkpudlJwczVzUUN4ZmZSdmttZjNWNS1tY3NQb2E3emJoTF9CX3NJQ1ZaYWhlZWFPamdjZ09QdS1EY21LcHdyNmdTTl9KbGxHRkVHandYMkpjQ084NDNtMlRUNHRELWZhUU40elNFOTJvRDBqSEROVGdySEd3?oc=5\" target=\"_blank\" rel=\"nofollow noopener\">Tour d&rsquo;Espagne 2026 &#8211; 11e \u00e9tape &#8211; Et 1, et 2, et 3 : Brennan, intouchable, devance Coquard<\/a>&nbsp;&nbsp;Eurosport<\/li>\n<li><a href=\"https:\/\/news.google.com\/rss\/articles\/CBMixAFBVV95cUxORjl0dHFwN0JVNF9NOHl5M3o1S1VjaXVidXZSNEdpMlFjczk5WmRuV0IzWnNNMDBQZ3JxOWs2Z09uZDdaLVZzS1VIQVMzWjJIcVN6S1JkWVpBeXlWNzc4OHdocTdkejFJX3pPQWFiSmNxam9JTzhuVDBLOFlnel8xdE5vTDdSb1JuOHhMR2laUDk2UlBubVRYNEV1S0xEN2lxWU5mVm1OS1E5WkwtdEx0by0tMGFmY0hPY1JjWFVVYXN1YzFF?oc=5\" target=\"_blank\" rel=\"nofollow noopener\">Tour d&rsquo;Espagne : Matthew Brennan vainqueur de la 11e \u00e9tape devant Bryan Coquard<\/a>&nbsp;&nbsp;Le Figaro<\/li>\n<li><a href=\"https:\/\/news.google.com\/rss\/articles\/CBMiogFBVV95cUxORkYyY1JyT2Y2d0VkWVdwRFRSRk1nUndmR1NQQjVFcjl0bkE2aWwxdktTeXk4YzZfNjVsMXNEcUdpRHdHUE5DQ0x1aWIxRlpIc0xiNGVIeFdXT2VfNUg2UDdTNXJZYXpITlBsSy1ReEpNa1hfcjVtRjVpWlMwdFA5eTZLOHRnTzVDYzB6d3RUNVFqSHdRaHR3MmoweXk0Qkp3UWc?oc=5\" target=\"_blank\" rel=\"nofollow noopener\">Made in Europe, \u00e0 la tv<\/a>&nbsp;&nbsp;Linternaute.com<\/li>\n<\/ol>\n","protected":false},"excerpt":{"rendered":"Vuelta 2026 : le classement apr\u00e8s la 11e \u00e9tape remport\u00e9e par Matthew Brennan&nbsp;&nbsp;L&rsquo;\u00c9quipe Vuelta 2026, 12\u00e8me \u00e9tape, course&hellip;\n","protected":false},"author":2,"featured_media":1163853,"comment_status":"","ping_status":"","sticky":false,"template":"","format":"standard","meta":{"footnotes":"","_share_on_mastodon":"0"},"categories":[1411],"tags":[5734,86798,1154,207,10070,1011,27,60,1140,119898],"class_list":["post-1163852","post","type-post","status-publish","format-standard","has-post-thumbnail","category-cyclisme","tag-5734","tag-breves-et-depeches","tag-cycling","tag-cyclisme","tag-cyclisme-sur-route","tag-fr","tag-france","tag-sports","tag-tour-despagne","tag-victor-andres"],"share_on_mastodon":{"url":"https:\/\/pubeurope.com\/@fr\/117203821141493691","error":""},"_links":{"self":[{"href":"https:\/\/www.europesays.com\/fr\/wp-json\/wp\/v2\/posts\/1163852","targetHints":{"allow":["GET"]}}],"collection":[{"href":"https:\/\/www.europesays.com\/fr\/wp-json\/wp\/v2\/posts"}],"about":[{"href":"https:\/\/www.europesays.com\/fr\/wp-json\/wp\/v2\/types\/post"}],"author":[{"embeddable":true,"href":"https:\/\/www.europesays.com\/fr\/wp-json\/wp\/v2\/users\/2"}],"replies":[{"embeddable":true,"href":"https:\/\/www.europesays.com\/fr\/wp-json\/wp\/v2\/comments?post=1163852"}],"version-history":[{"count":0,"href":"https:\/\/www.europesays.com\/fr\/wp-json\/wp\/v2\/posts\/1163852\/revisions"}],"wp:featuredmedia":[{"embeddable":true,"href":"https:\/\/www.europesays.com\/fr\/wp-json\/wp\/v2\/media\/1163853"}],"wp:attachment":[{"href":"https:\/\/www.europesays.com\/fr\/wp-json\/wp\/v2\/media?parent=1163852"}],"wp:term":[{"taxonomy":"category","embeddable":true,"href":"https:\/\/www.europesays.com\/fr\/wp-json\/wp\/v2\/categories?post=1163852"},{"taxonomy":"post_tag","embeddable":true,"href":"https:\/\/www.europesays.com\/fr\/wp-json\/wp\/v2\/tags?post=1163852"}],"curies":[{"name":"wp","href":"https:\/\/api.w.org\/{rel}","templated":true}]}}