{"id":1163880,"date":"2026-09-02T22:48:24","date_gmt":"2026-09-02T22:48:24","guid":{"rendered":"https:\/\/www.europesays.com\/fr\/1163880\/"},"modified":"2026-09-02T22:48:24","modified_gmt":"2026-09-02T22:48:24","slug":"saint-genest-lerpt-euterpia-choeur-de-saint-genest-lerpt-recherche-de-nouvelles-voix","status":"publish","type":"post","link":"https:\/\/www.europesays.com\/fr\/1163880\/","title":{"rendered":"Saint-Genest-Lerpt. \u00ab\u00a0Euterpia, Ch\u0153ur de Saint-Genest-Lerpt\u00a0\u00bb recherche de nouvelles voix"},"content":{"rendered":"<p>Euterpia, Ch\u0153ur de Saint-Genest-Lerpt fera sa rentr\u00e9e mardi 8\u00a0septembre \u00e0 19 heures, au 10 rue de l\u2019\u00c9galit\u00e9.<\/p>\n<p>Quatre ann\u00e9es apr\u00e8s ses d\u00e9buts, l\u2019association poursuit une aventure qui associe exigence musicale, plaisir de chanter et rencontres humaines.<\/p>\n<p>Les voix de baryton, tr\u00e8s recherch\u00e9es pour venir enrichir l\u2019\u00e9quilibre du ch\u0153ur<\/p>\n<p>Au fil des saisons, les choristes&#8230;<\/p>\n","protected":false},"excerpt":{"rendered":"Euterpia, Ch\u0153ur de Saint-Genest-Lerpt fera sa rentr\u00e9e mardi 8\u00a0septembre \u00e0 19 heures, au 10 rue de l\u2019\u00c9galit\u00e9. Quatre&hellip;\n","protected":false},"author":2,"featured_media":1163881,"comment_status":"","ping_status":"","sticky":false,"template":"","format":"standard","meta":{"footnotes":"","_share_on_mastodon":"0"},"categories":[9653],"tags":[1111,11,2430,1687,7539,1777,674,1011,27,873,12,25,12491,4001,17929],"class_list":["post-1163880","post","type-post","status-publish","format-standard","has-post-thumbnail","category-saint-etienne","tag-actu","tag-actualites","tag-auvergne-rhone-alpes","tag-culture-loisirs","tag-edition-loire-sud","tag-eu","tag-europe","tag-fr","tag-france","tag-musique","tag-news","tag-republique-francaise","tag-roche-la-moliere-bassin","tag-saint-etienne","tag-saint-genest-lerpt"],"share_on_mastodon":{"url":"https:\/\/pubeurope.com\/@fr\/117203888057152602","error":""},"_links":{"self":[{"href":"https:\/\/www.europesays.com\/fr\/wp-json\/wp\/v2\/posts\/1163880","targetHints":{"allow":["GET"]}}],"collection":[{"href":"https:\/\/www.europesays.com\/fr\/wp-json\/wp\/v2\/posts"}],"about":[{"href":"https:\/\/www.europesays.com\/fr\/wp-json\/wp\/v2\/types\/post"}],"author":[{"embeddable":true,"href":"https:\/\/www.europesays.com\/fr\/wp-json\/wp\/v2\/users\/2"}],"replies":[{"embeddable":true,"href":"https:\/\/www.europesays.com\/fr\/wp-json\/wp\/v2\/comments?post=1163880"}],"version-history":[{"count":0,"href":"https:\/\/www.europesays.com\/fr\/wp-json\/wp\/v2\/posts\/1163880\/revisions"}],"wp:featuredmedia":[{"embeddable":true,"href":"https:\/\/www.europesays.com\/fr\/wp-json\/wp\/v2\/media\/1163881"}],"wp:attachment":[{"href":"https:\/\/www.europesays.com\/fr\/wp-json\/wp\/v2\/media?parent=1163880"}],"wp:term":[{"taxonomy":"category","embeddable":true,"href":"https:\/\/www.europesays.com\/fr\/wp-json\/wp\/v2\/categories?post=1163880"},{"taxonomy":"post_tag","embeddable":true,"href":"https:\/\/www.europesays.com\/fr\/wp-json\/wp\/v2\/tags?post=1163880"}],"curies":[{"name":"wp","href":"https:\/\/api.w.org\/{rel}","templated":true}]}}