{"id":1163882,"date":"2026-09-02T22:49:15","date_gmt":"2026-09-02T22:49:15","guid":{"rendered":"https:\/\/www.europesays.com\/fr\/1163882\/"},"modified":"2026-09-02T22:49:15","modified_gmt":"2026-09-02T22:49:15","slug":"mercato-4-clubs-prets-a-lacher-10-15-me-pour-davitashvili-lasse-intransigeante-jusquau-bout","status":"publish","type":"post","link":"https:\/\/www.europesays.com\/fr\/1163882\/","title":{"rendered":"Mercato \u2013 4 clubs pr\u00eats \u00e0 l\u00e2cher 10-15 M\u20ac pour Davitashvili\u2026 L\u2019ASSE intransigeante jusqu\u2019au bout"},"content":{"rendered":"<p><strong>Si Lucas Stassin a quitt\u00e9 l\u2019AS Saint-Etienne avant la fin du mercato estival, Zuriko Davitashvili n\u2019aura pas trouv\u00e9 chaussure \u00e0 son pied. La faute \u00e0 la tenace fermet\u00e9 des dirigeants for\u00e9ziens pas d\u00e9cid\u00e9s \u00e0 brader l\u2019attaquant g\u00e9orgien.<\/strong><\/p>\n<p>Des deux attaquants phares de l\u2019effectif d\u2019Ian Cathro susceptibles de rapporter beaucoup d\u2019argent \u00e0 l\u2019occasion du mercato d\u2019\u00e9t\u00e9 2026, seul Lucas Stassin a fait ses valises. Apr\u00e8s avoir prolong\u00e9 son contrat avec l\u2019<strong><a href=\"https:\/\/www.topmercato.com\/clubs\/asse-saint-etienne\/\" rel=\"nofollow noopener\" target=\"_blank\">AS Saint-Etienne<\/a><\/strong>, l\u2019avant-centre belge s\u2019est engag\u00e9 en faveur du FC S\u00e9ville sous la forme d\u2019un <a href=\"https:\/\/www.topmercato.com\/2128547-les-details-du-pret-de-stassin-a-seville-lom-a-recale-un-club-de-l1-pour-maupay-revirement-de-situation-pour-dia-a-rennes-les-3-infos-mercato-du-jour\/\" rel=\"nofollow noopener\" target=\"_blank\">pr\u00eat avec option d\u2019achat<\/a>. Un \u00e9pilogue diam\u00e9tralement oppos\u00e9 \u00e0 celui de <a href=\"https:\/\/www.topmercato.com\/joueurs\/zuriko-davitashvili\/\" rel=\"nofollow noopener\" target=\"_blank\">Zuriko Davitashvili<\/a> qui, malgr\u00e9 quelques convoitises, n\u2019aura pas quitt\u00e9 le club du Forez avant le 1er septembre.<\/p>\n<p>Pr\u00e9sent dans le groupe pour le match de la 4e journ\u00e9e de Ligue 2 \u00e0 Dijon (3-2) lundi soir, signe que les esprits \u00e9taient pr\u00e9par\u00e9s \u00e0 le voir poursuivre l\u2019aventure du c\u00f4t\u00e9 de Geoffroy-Guichard, et m\u00eame pleinement impliqu\u00e9 dans la victoire des Verts avec <strong>une 1\u00e8re titularisation en cette saison 2026-2027 et une passe d\u00e9cisive<\/strong>, l\u2019ancien Bordelais devait pourtant permettre \u00e0 Kilmer Sports Ventures de r\u00e9aliser une tr\u00e8s belle plus-value et ce pour plusieurs raisons.<\/p>\n<p>L\u2019ASSE a r\u00e9clam\u00e9 20 M\u20ac pour Davitashvili<\/p>\n<p>Son tr\u00e8s bel exercice 2025-2026 ponctu\u00e9 du titre de meilleur joueur de la Ligue 2, son statut d\u2019international et sa valeur marchande importante \u2013 12 M\u20ac selon la derni\u00e8re estimation de Transfermarkt \u2013 constituaient autant d\u2019arguments en faveur d\u2019une grosse transaction dans le sens des d\u00e9parts. Il n\u2019en a rien \u00e9t\u00e9, la faute en grande partie \u00e0 l\u2019intransigeance sans faille de Saint-Etienne pas d\u00e9cid\u00e9 \u00e0 se s\u00e9parer du natif de Tiflis sans r\u00e9cup\u00e9rer un montant satisfaisant.<\/p>\n<p>Achet\u00e9 \u00e0 l\u2019\u00e9t\u00e9 2024 contre un ch\u00e8que de 6 M\u20ac, Zuriko Davitashvili devait rapporter au moins 3 fois plus du point de vue de la direction st\u00e9phanoise, <strong>l\u2019ASSE fixant son prix autour de 20 M\u20ac<\/strong>. Une requ\u00eate \u00e0 laquelle se seront rapproch\u00e9s plusieurs pr\u00e9tendants europ\u00e9ens de renom. Selon les informations de Geo Team, pas moins de <strong>4 \u00e9curies \u00e9taient dispos\u00e9es \u00e0 d\u00e9bourser entre 10 et 15 M\u20ac pour le num\u00e9ro 22 de Saint-Etienne<\/strong>, sous contrat jusqu\u2019en juin 2028.<\/p>\n<blockquote class=\"twitter-tweet\" data-width=\"550\" data-dnt=\"true\">\n<p lang=\"en\" dir=\"ltr\">\ud83d\udea8 BREAKING: Zuriko Davitashvili stays at Saint-\u00c9tienne! \ud83d\udfe2\ud83c\uddec\ud83c\uddea<\/p>\n<p>Atalanta \ud83c\uddee\ud83c\uddf9 , Betis \ud83c\uddea\ud83c\uddf8 , Be\u015fikta\u015f \ud83c\uddf9\ud83c\uddf7 &amp; Olympiacos greece \ud83c\uddec\ud83c\uddf7 were ready to pay \u20ac10-15m, but ASSE rejected every offer below their \u20ac20m asking price.<\/p>\n<p>No deal \u2014 Zuriko starts another season with Les Verts. <a href=\"https:\/\/t.co\/SATX4M4rv2\" rel=\"nofollow\">pic.twitter.com\/SATX4M4rv2<\/a><\/p>\n<p>\u2014 Geo Team (@Geo__team) <a href=\"https:\/\/x.com\/Geo__team\/status\/2094875504733983024?ref_src=twsrc%5Etfw\" rel=\"nofollow\">September 1, 2026<\/a><\/p><\/blockquote>\n<p>Les Italiens de l\u2019<strong>Atalanta Bergame<\/strong>, les Espagnols du <strong>Betis S\u00e9ville<\/strong>, les Turcs du <strong>Besiktas<\/strong> et les Grecs de l\u2019<strong>Olympiakos <\/strong>avaient l\u2019intention de sortir leur ch\u00e9quier pour s\u2019attacher les services de Davitashvili, sans atteindre donc le prix d\u00e9sir\u00e9 par l\u2019ASSE. Des St\u00e9phanois qui auraient pourtant pu accepter sans broncher et r\u00e9clamer davantage.<\/p>\n<p>Si la question de son d\u00e9part se posera peut-\u00eatre \u00e0 nouveau en janvier 2027, l\u2019ailier gauche de 25 ans doit d\u00e9sormais se concentrer \u00e0 100 % sur cette premi\u00e8re partie de saison avec l\u2019espoir pour Saint-Etienne, leader du classement apr\u00e8s 4 victoires en 4 matchs, de le voir briller et encore d\u00e9cisif en vue de l\u2019op\u00e9ration mont\u00e9e.<\/p>\n<p class=\"nsn-gps-callout__title\">Ajoutez Top Mercato comme source pr\u00e9f\u00e9r\u00e9e sur Google<\/p>\n<p class=\"nsn-gps-callout__body\">Retrouvez nos articles plus souvent et facilement dans vos r\u00e9sultats de recherche Google et actualit\u00e9s \u00e0 la Une.<\/p>\n<p><a class=\"nsn-gps-callout__cta js-gnews-publisher\" href=\"https:\/\/www.google.com\/preferences\/source?q=topmercato.com\" aria-label=\"Suivre sur Google\" data-event=\"nsn-gps-callout-click\" data-source=\"www.topmercato.com\" target=\"_blank\" rel=\"nofollow noopener\">Suivre sur Google<\/a><script async src=\"https:\/\/platform.twitter.com\/widgets.js\" charset=\"utf-8\"><\/script><\/p>\n","protected":false},"excerpt":{"rendered":"Si Lucas Stassin a quitt\u00e9 l\u2019AS Saint-Etienne avant la fin du mercato estival, Zuriko Davitashvili n\u2019aura pas trouv\u00e9&hellip;\n","protected":false},"author":2,"featured_media":1163883,"comment_status":"","ping_status":"","sticky":false,"template":"","format":"standard","meta":{"footnotes":"","_share_on_mastodon":"0"},"categories":[9653],"tags":[1111,11,2430,1777,674,1011,27,12,25,4001],"class_list":["post-1163882","post","type-post","status-publish","format-standard","has-post-thumbnail","category-saint-etienne","tag-actu","tag-actualites","tag-auvergne-rhone-alpes","tag-eu","tag-europe","tag-fr","tag-france","tag-news","tag-republique-francaise","tag-saint-etienne"],"share_on_mastodon":{"url":"https:\/\/pubeurope.com\/@fr\/117203892069966604","error":""},"_links":{"self":[{"href":"https:\/\/www.europesays.com\/fr\/wp-json\/wp\/v2\/posts\/1163882","targetHints":{"allow":["GET"]}}],"collection":[{"href":"https:\/\/www.europesays.com\/fr\/wp-json\/wp\/v2\/posts"}],"about":[{"href":"https:\/\/www.europesays.com\/fr\/wp-json\/wp\/v2\/types\/post"}],"author":[{"embeddable":true,"href":"https:\/\/www.europesays.com\/fr\/wp-json\/wp\/v2\/users\/2"}],"replies":[{"embeddable":true,"href":"https:\/\/www.europesays.com\/fr\/wp-json\/wp\/v2\/comments?post=1163882"}],"version-history":[{"count":0,"href":"https:\/\/www.europesays.com\/fr\/wp-json\/wp\/v2\/posts\/1163882\/revisions"}],"wp:featuredmedia":[{"embeddable":true,"href":"https:\/\/www.europesays.com\/fr\/wp-json\/wp\/v2\/media\/1163883"}],"wp:attachment":[{"href":"https:\/\/www.europesays.com\/fr\/wp-json\/wp\/v2\/media?parent=1163882"}],"wp:term":[{"taxonomy":"category","embeddable":true,"href":"https:\/\/www.europesays.com\/fr\/wp-json\/wp\/v2\/categories?post=1163882"},{"taxonomy":"post_tag","embeddable":true,"href":"https:\/\/www.europesays.com\/fr\/wp-json\/wp\/v2\/tags?post=1163882"}],"curies":[{"name":"wp","href":"https:\/\/api.w.org\/{rel}","templated":true}]}}