{"id":1163913,"date":"2026-09-02T23:13:16","date_gmt":"2026-09-02T23:13:16","guid":{"rendered":"https:\/\/www.europesays.com\/fr\/1163913\/"},"modified":"2026-09-02T23:13:16","modified_gmt":"2026-09-02T23:13:16","slug":"festival-des-3-continents-2026-a-nantes-les-cinemas-dafrique-dasie-et-damerique-latine-mis-a-lhonneur","status":"publish","type":"post","link":"https:\/\/www.europesays.com\/fr\/1163913\/","title":{"rendered":"Festival des 3 Continents 2026 \u00e0 Nantes : les cin\u00e9mas d\u2019Afrique, d\u2019Asie et d\u2019Am\u00e9rique latine mis \u00e0 l&rsquo;honneur"},"content":{"rendered":"<p class=\"intro\">Du 20 au 28 novembre 2026, le Festival des 3 Continents revient \u00e0 Nantes pour sa 48e \u00e9dition. Pendant neuf jours, le festival met \u00e0 l\u2019\u00e9cran des films d\u2019Afrique, d\u2019Am\u00e9rique latine et d\u2019Asie, entre comp\u00e9tition internationale, s\u00e9ances sp\u00e9ciales et programme th\u00e9matique consacr\u00e9 cette ann\u00e9e \u00e0 \u00ab La vie des fant\u00f4mes \u00bb.<\/p>\n<p class=\"intro\"><a data-lightbox=\"article\" data-title=\" \u00a9 Festival des 3 Continents\" class=\"image detail fullwidth\" href=\"https:\/\/www.jds.fr\/medias\/image\/festival-des-3-continents-a-nantes-1071427-1200-0-F.webp\" title=\" \u00a9 Festival des 3 Continents\" rel=\"nofollow noopener\" target=\"_blank\"><br \/>\n<img decoding=\"async\" loading=\"lazy\" src=\"https:\/\/www.europesays.com\/fr\/wp-content\/uploads\/2026\/09\/festival-des-3-continents-a-nantes-1071427-1200-0.webp\"   alt=\"Festival des 3 Continents \u00e0 Nantes\" class=\"shortcode_image border\"\/><br \/>\n\u00a9 Festival des 3 Continents<br \/>\n<\/a>\n<\/p>\n<p>Dates du Festival des 3 Continents 2 2026<\/p>\n<p>La <strong data-start=\"7665\" data-end=\"7709\">48e \u00e9dition du Festival des 3 Continents<\/strong> se d\u00e9roule <strong data-start=\"7721\" data-end=\"7766\">du vendredi 20 au samedi 28 novembre 2026<\/strong> \u00e0 Nantes.<\/p>\n<p>La billetterie de la 48e \u00e9dition ouvrira fin octobre 2026.<\/p>\n<p class=\"mise_en_avant\">Voir <a href=\"https:\/\/www.jds.fr\/nantes\/\" rel=\"nofollow noopener\" target=\"_blank\">tous les \u00e9v\u00e9nements \u00e0 Nantes<\/a><\/p>\n<p>Un festival consacr\u00e9 aux cin\u00e9mas de trois continents<\/p>\n<p data-start=\"4139\" data-end=\"4190\">Depuis sa cr\u00e9ation, le Festival des 3 Continents d\u00e9fend des cin\u00e9matographies qui restent souvent moins visibles dans les circuits commerciaux fran\u00e7ais. Son principe est simple\u00a0: ouvrir les \u00e9crans nantais aux r\u00e9alisateurs et r\u00e9alisatrices d\u2019Afrique, d\u2019Am\u00e9rique latine et d\u2019Asie et faire circuler des films r\u00e9cents comme des \u0153uvres de patrimoine.<\/p>\n<p data-start=\"4139\" data-end=\"4190\">Le festival propose chaque ann\u00e9e\u00a0:\u00a0<\/p>\n<ul data-start=\"4192\" data-end=\"4548\">&#13;<\/p>\n<li data-section-id=\"19flyn4\" data-start=\"4192\" data-end=\"4254\">Des films venus d\u2019<strong data-start=\"4212\" data-end=\"4252\">Afrique, d\u2019Am\u00e9rique latine et d\u2019Asie<\/strong>\u00a0;<\/li>\n<p>&#13;<\/p>\n<li data-section-id=\"1w9q0mj\" data-start=\"4255\" data-end=\"4293\">Une <strong data-start=\"4261\" data-end=\"4291\">comp\u00e9tition internationale<\/strong>\u00a0;<\/li>\n<p>&#13;<\/p>\n<li data-section-id=\"12al9xu\" data-start=\"4294\" data-end=\"4349\">Des <strong data-start=\"4300\" data-end=\"4347\">s\u00e9ances sp\u00e9ciales et programmes th\u00e9matiques<\/strong>\u00a0;<\/li>\n<p>&#13;<\/p>\n<li data-section-id=\"1tu0cog\" data-start=\"4350\" data-end=\"4425\">Des fictions, documentaires, films d\u2019animation et formes exp\u00e9rimentales\u00a0;<\/li>\n<p>&#13;<\/p>\n<li data-section-id=\"1ilcq9t\" data-start=\"4426\" data-end=\"4548\">Des projections organis\u00e9es dans plusieurs salles de Nantes et de Loire-Atlantique.<\/li>\n<p>&#13;\n<\/ul>\n<p data-start=\"4896\" data-end=\"5173\">Le festival ne se limite donc pas \u00e0 une succession d\u2019avant-premi\u00e8res. Il propose aussi des r\u00e9trospectives, des s\u00e9ances th\u00e9matiques et des rencontres qui permettent de replacer les films dans une histoire du cin\u00e9ma plus large.<\/p>\n<p>Comp\u00e9tition, r\u00e9trospectives et d\u00e9couvertes cin\u00e9matographiques<\/p>\n<p class=\"PDq2pG_selectionAnchorContainer\" data-start=\"5312\" data-end=\"5533\">La <strong data-start=\"5315\" data-end=\"5339\">S\u00e9lection officielle<\/strong> comprend une <strong data-start=\"5353\" data-end=\"5383\">Comp\u00e9tition internationale<\/strong> et des s\u00e9ances sp\u00e9ciales. Le festival accorde une place importante aux \u0153uvres r\u00e9centes et \u00e0 la d\u00e9couverte de cin\u00e9astes encore peu diffus\u00e9s en France.<\/p>\n<p data-start=\"5535\" data-end=\"5827\">Les films s\u00e9lectionn\u00e9s peuvent relever de la <strong data-start=\"5580\" data-end=\"5650\">fiction, du documentaire, de l\u2019animation ou du cin\u00e9ma exp\u00e9rimental<\/strong>, avec une volont\u00e9 commune\u00a0: montrer des \u0153uvres venues de territoires et de cin\u00e9matographies rarement repr\u00e9sent\u00e9s dans les grands circuits.<\/p>\n<p data-start=\"5535\" data-end=\"5827\">Chaque \u00e9dition s\u2019organise aussi autour de grands programmes th\u00e9matiques. Ils permettent de rapprocher des films de p\u00e9riodes, de pays et de styles diff\u00e9rents autour d\u2019une m\u00eame question.<\/p>\n<p data-start=\"5535\" data-end=\"5827\">Le festival accompagne les projections de <strong data-start=\"6400\" data-end=\"6441\">pr\u00e9sentations, \u00e9changes et rencontres<\/strong> qui permettent de prolonger la s\u00e9ance. Ces temps de discussion sont particuli\u00e8rement int\u00e9ressants pour replacer un film dans son contexte artistique, politique ou culturel.<\/p>\n<p>Un festival r\u00e9parti dans plusieurs salles<\/p>\n<p data-start=\"6920\" data-end=\"7154\">Le Festival des 3 Continents ne se d\u00e9roule pas dans un lieu unique. Les projections sont r\u00e9parties entre plusieurs cin\u00e9mas et lieux culturels nantais, avec \u00e9galement des s\u00e9ances propos\u00e9es dans diff\u00e9rentes communes de Loire-Atlantique.<\/p>\n<p data-start=\"7156\" data-end=\"7387\">Parmi les salles r\u00e9guli\u00e8rement associ\u00e9es au festival figurent notamment<\/p>\n<ul>&#13;<\/p>\n<li data-start=\"7156\" data-end=\"7387\">le <strong data-start=\"7231\" data-end=\"7242\">Katorza<\/strong><\/li>\n<p>&#13;<\/p>\n<li data-start=\"7156\" data-end=\"7387\">le <strong data-start=\"7247\" data-end=\"7259\">Concorde<\/strong>\u00a0<\/li>\n<p>&#13;<\/p>\n<li data-start=\"7156\" data-end=\"7387\">le <strong data-start=\"7266\" data-end=\"7282\">Path\u00e9 Nantes<\/strong><\/li>\n<p>&#13;\n<\/ul>\n<p>Lieux auxquels s\u2019ajoutent plusieurs cin\u00e9mas partenaires du d\u00e9partement.<\/p>\n<p class=\"mise_en_avant\">A d\u00e9couvrir aussi\u00a0: <a href=\"https:\/\/www.jds.fr\/nantes\/manifestations\/festival\/nantes-films-et-series-festival-2026-1707084_A\" rel=\"nofollow noopener\" target=\"_blank\">Nantes Films &amp; S\u00e9ries Festival\u00a0: cin\u00e9ma, s\u00e9ries et avant-premi\u00e8res \u00e0 Nantes<\/a><\/p>\n","protected":false},"excerpt":{"rendered":"Du 20 au 28 novembre 2026, le Festival des 3 Continents revient \u00e0 Nantes pour sa 48e \u00e9dition.&hellip;\n","protected":false},"author":2,"featured_media":1163914,"comment_status":"","ping_status":"","sticky":false,"template":"","format":"standard","meta":{"footnotes":"","_share_on_mastodon":"0"},"categories":[2818],"tags":[1111,11,1777,674,1011,27,766,12,2636,25],"class_list":["post-1163913","post","type-post","status-publish","format-standard","has-post-thumbnail","category-nantes","tag-actu","tag-actualites","tag-eu","tag-europe","tag-fr","tag-france","tag-nantes","tag-news","tag-pays-de-la-loire","tag-republique-francaise"],"share_on_mastodon":{"url":"https:\/\/pubeurope.com\/@fr\/117203987879636547","error":""},"_links":{"self":[{"href":"https:\/\/www.europesays.com\/fr\/wp-json\/wp\/v2\/posts\/1163913","targetHints":{"allow":["GET"]}}],"collection":[{"href":"https:\/\/www.europesays.com\/fr\/wp-json\/wp\/v2\/posts"}],"about":[{"href":"https:\/\/www.europesays.com\/fr\/wp-json\/wp\/v2\/types\/post"}],"author":[{"embeddable":true,"href":"https:\/\/www.europesays.com\/fr\/wp-json\/wp\/v2\/users\/2"}],"replies":[{"embeddable":true,"href":"https:\/\/www.europesays.com\/fr\/wp-json\/wp\/v2\/comments?post=1163913"}],"version-history":[{"count":0,"href":"https:\/\/www.europesays.com\/fr\/wp-json\/wp\/v2\/posts\/1163913\/revisions"}],"wp:featuredmedia":[{"embeddable":true,"href":"https:\/\/www.europesays.com\/fr\/wp-json\/wp\/v2\/media\/1163914"}],"wp:attachment":[{"href":"https:\/\/www.europesays.com\/fr\/wp-json\/wp\/v2\/media?parent=1163913"}],"wp:term":[{"taxonomy":"category","embeddable":true,"href":"https:\/\/www.europesays.com\/fr\/wp-json\/wp\/v2\/categories?post=1163913"},{"taxonomy":"post_tag","embeddable":true,"href":"https:\/\/www.europesays.com\/fr\/wp-json\/wp\/v2\/tags?post=1163913"}],"curies":[{"name":"wp","href":"https:\/\/api.w.org\/{rel}","templated":true}]}}