{"id":1163915,"date":"2026-09-02T23:15:14","date_gmt":"2026-09-02T23:15:14","guid":{"rendered":"https:\/\/www.europesays.com\/fr\/1163915\/"},"modified":"2026-09-02T23:15:14","modified_gmt":"2026-09-02T23:15:14","slug":"guingamp-saint-etienne-le-samedi-soir-nantes-en-multiplex-la-programmation-de-la-11e-journee-de-ligue-2-est-tombee","status":"publish","type":"post","link":"https:\/\/www.europesays.com\/fr\/1163915\/","title":{"rendered":"Guingamp &#8211; Saint-\u00c9tienne le samedi soir, Nantes en multiplex\u00a0: la programmation de la 11e journ\u00e9e de Ligue\u00a02 est tomb\u00e9e"},"content":{"rendered":"<p>Ligue 2 (11e journ\u00e9e), du 30 octobre au 2 novembre.<\/p>\n<p>Un choc breton-for\u00e9zien en prime time. La Ligue de Football Professionnel a rendu publique la programmation de la 11e journ\u00e9e de la saison 2026-2027 de Ligue 2. Le duel entre l\u2019<a href=\"https:\/\/www.letelegramme.fr\/sports\/football\/guingamp\/mercato-en-avant-guingamp-a-trouve-son-attaquant-sur-le-gong-7109164.php\" target=\"_blank\" rel=\"nofollow noopener\">EA Guingamp<\/a> et l\u2019AS Saint-\u00c9tienne sera \u00e0 l\u2019affiche le samedi 31 octobre, \u00e0 20 h.<\/p>\n<p>Le week-end d\u00e9butera le vendredi soir avec un multiplex \u00e0 cinq rencontres, marqu\u00e9 notamment par la r\u00e9ception de Clermont par le FC Nantes. La journ\u00e9e s\u2019ach\u00e8vera le lundi 2 novembre avec une opposition entre le Red Star et l\u2019AS Nancy-Lorraine.<\/p>\n<p class=\"titre-tech\">La programmation de la 11e journ\u00e9e<\/p>\n<p><strong class=\"tech\">Vendredi 30 octobre (20 h)<\/strong><\/p>\n<p>Rodez Aveyron Football \u2013 USL Dunkerque<\/p>\n<p>Grenoble Foot 38 \u2013 Dijon FCO<\/p>\n<p>FC Nantes \u2013 Clermont Foot 63<\/p>\n<p>FC Metz \u2013 Pau FC<\/p>\n<p>Stade Lavallois MFC \u2013 US Boulogne CO<\/p>\n<p><strong class=\"tech\">Samedi 31 octobre (14 h)<\/strong><\/p>\n<p>Stade de Reims \u2013 FC Sochaux-Montb\u00e9liard<\/p>\n<p>FC Annecy \u2013 Montpellier H\u00e9rault SC<\/p>\n<p><strong class=\"tech\">Samedi 31 octobre (20 h)<\/strong><\/p>\n<p>EA Guingamp \u2013 AS Saint-\u00c9tienne<\/p>\n<p><strong class=\"tech\">Lundi 2 novembre (20 h 45)<\/strong><\/p>\n<p>Red Star FC \u2013 AS Nancy-Lorraine<\/p>\n","protected":false},"excerpt":{"rendered":"Ligue 2 (11e journ\u00e9e), du 30 octobre au 2 novembre. Un choc breton-for\u00e9zien en prime time. La Ligue&hellip;\n","protected":false},"author":2,"featured_media":1163916,"comment_status":"","ping_status":"","sticky":false,"template":"","format":"standard","meta":{"footnotes":"","_share_on_mastodon":"0"},"categories":[2818],"tags":[1111,11,1777,674,63,1011,27,107669,766,12,2636,25,60],"class_list":["post-1163915","post","type-post","status-publish","format-standard","has-post-thumbnail","category-nantes","tag-actu","tag-actualites","tag-eu","tag-europe","tag-football","tag-fr","tag-france","tag-ligue2","tag-nantes","tag-news","tag-pays-de-la-loire","tag-republique-francaise","tag-sports"],"share_on_mastodon":{"url":"","error":""},"_links":{"self":[{"href":"https:\/\/www.europesays.com\/fr\/wp-json\/wp\/v2\/posts\/1163915","targetHints":{"allow":["GET"]}}],"collection":[{"href":"https:\/\/www.europesays.com\/fr\/wp-json\/wp\/v2\/posts"}],"about":[{"href":"https:\/\/www.europesays.com\/fr\/wp-json\/wp\/v2\/types\/post"}],"author":[{"embeddable":true,"href":"https:\/\/www.europesays.com\/fr\/wp-json\/wp\/v2\/users\/2"}],"replies":[{"embeddable":true,"href":"https:\/\/www.europesays.com\/fr\/wp-json\/wp\/v2\/comments?post=1163915"}],"version-history":[{"count":0,"href":"https:\/\/www.europesays.com\/fr\/wp-json\/wp\/v2\/posts\/1163915\/revisions"}],"wp:featuredmedia":[{"embeddable":true,"href":"https:\/\/www.europesays.com\/fr\/wp-json\/wp\/v2\/media\/1163916"}],"wp:attachment":[{"href":"https:\/\/www.europesays.com\/fr\/wp-json\/wp\/v2\/media?parent=1163915"}],"wp:term":[{"taxonomy":"category","embeddable":true,"href":"https:\/\/www.europesays.com\/fr\/wp-json\/wp\/v2\/categories?post=1163915"},{"taxonomy":"post_tag","embeddable":true,"href":"https:\/\/www.europesays.com\/fr\/wp-json\/wp\/v2\/tags?post=1163915"}],"curies":[{"name":"wp","href":"https:\/\/api.w.org\/{rel}","templated":true}]}}