{"id":1163929,"date":"2026-09-02T23:25:17","date_gmt":"2026-09-02T23:25:17","guid":{"rendered":"https:\/\/www.europesays.com\/fr\/1163929\/"},"modified":"2026-09-02T23:25:17","modified_gmt":"2026-09-02T23:25:17","slug":"apt-un-homme-sauve-de-la-noyade-et-transporte-a-lhopital-de-marseille","status":"publish","type":"post","link":"https:\/\/www.europesays.com\/fr\/1163929\/","title":{"rendered":"Apt. Un homme sauv\u00e9 de la noyade et transport\u00e9 \u00e0 l\u2019h\u00f4pital de Marseille"},"content":{"rendered":"<p class=\"xsm-p emxed-markup\">Ce mercredi 2\u00a0septembre vers 17h30, les sapeurs-pompiers d\u2019Apt sont intervenus au niveau du plan d\u2019eau de la Riaille pour porter secours \u00e0 un homme de 35 ans qui venait d\u2019\u00eatre extrait de l\u2019eau en situation de noyade. L\u2019individu en arr\u00eat cardiorespiratoire \u00e0 l\u2019arriv\u00e9e des secours a pu \u00eatre ranim\u00e9 avant d\u2019\u00eatre h\u00e9liport\u00e9 \u00e0 l\u2019h\u00f4pital nord de Marseille en \u00e9tat d\u2019urgence absolue.<\/p>\n","protected":false},"excerpt":{"rendered":"Ce mercredi 2\u00a0septembre vers 17h30, les sapeurs-pompiers d\u2019Apt sont intervenus au niveau du plan d\u2019eau de la Riaille&hellip;\n","protected":false},"author":2,"featured_media":1163930,"comment_status":"","ping_status":"","sticky":false,"template":"","format":"standard","meta":{"footnotes":"","_share_on_mastodon":"0"},"categories":[2814],"tags":[1111,11,57403,3859,1777,674,274,1011,27,884,12,882,25,4520],"class_list":["post-1163929","post","type-post","status-publish","format-standard","has-post-thumbnail","category-marseille","tag-actu","tag-actualites","tag-apt","tag-edition-provencale","tag-eu","tag-europe","tag-faits-divers-justice","tag-fr","tag-france","tag-marseille","tag-news","tag-provence-alpes-cote-dazur","tag-republique-francaise","tag-vaucluse"],"share_on_mastodon":{"url":"https:\/\/pubeurope.com\/@fr\/117204033696401618","error":""},"_links":{"self":[{"href":"https:\/\/www.europesays.com\/fr\/wp-json\/wp\/v2\/posts\/1163929","targetHints":{"allow":["GET"]}}],"collection":[{"href":"https:\/\/www.europesays.com\/fr\/wp-json\/wp\/v2\/posts"}],"about":[{"href":"https:\/\/www.europesays.com\/fr\/wp-json\/wp\/v2\/types\/post"}],"author":[{"embeddable":true,"href":"https:\/\/www.europesays.com\/fr\/wp-json\/wp\/v2\/users\/2"}],"replies":[{"embeddable":true,"href":"https:\/\/www.europesays.com\/fr\/wp-json\/wp\/v2\/comments?post=1163929"}],"version-history":[{"count":0,"href":"https:\/\/www.europesays.com\/fr\/wp-json\/wp\/v2\/posts\/1163929\/revisions"}],"wp:featuredmedia":[{"embeddable":true,"href":"https:\/\/www.europesays.com\/fr\/wp-json\/wp\/v2\/media\/1163930"}],"wp:attachment":[{"href":"https:\/\/www.europesays.com\/fr\/wp-json\/wp\/v2\/media?parent=1163929"}],"wp:term":[{"taxonomy":"category","embeddable":true,"href":"https:\/\/www.europesays.com\/fr\/wp-json\/wp\/v2\/categories?post=1163929"},{"taxonomy":"post_tag","embeddable":true,"href":"https:\/\/www.europesays.com\/fr\/wp-json\/wp\/v2\/tags?post=1163929"}],"curies":[{"name":"wp","href":"https:\/\/api.w.org\/{rel}","templated":true}]}}