{"id":1163934,"date":"2026-09-02T23:29:16","date_gmt":"2026-09-02T23:29:16","guid":{"rendered":"https:\/\/www.europesays.com\/fr\/1163934\/"},"modified":"2026-09-02T23:29:16","modified_gmt":"2026-09-02T23:29:16","slug":"lyon-le-directeur-des-chartreux-contraint-a-la-demission-pour-avoir-entretenu-une-relation-avec-une-etudiante","status":"publish","type":"post","link":"https:\/\/www.europesays.com\/fr\/1163934\/","title":{"rendered":"Lyon. Le directeur des Chartreux contraint \u00e0 la d\u00e9mission pour avoir entretenu une relation avec une \u00e9tudiante"},"content":{"rendered":"<p>Pour expliquer, le 9\u00a0juillet, son d\u00e9part soudain de la direction de l\u2019Institution des Chartreux, le p\u00e8re Jean-Bernard Plessy \u00e9voquait une fatigue physique et mentale, affirmant ne plus avoir \u00ab\u00a0l\u2019\u00e9nergie n\u00e9cessaire pour mener \u00e0 bien [sa] mission\u00a0\u00bb. La r\u00e9alit\u00e9 est autre. Le dioc\u00e8se de Lyon annonce ce 2\u00a0septembre que celui qui g\u00e9rait ce groupe scolaire priv\u00e9 catholique aurait entretenu une relation avec une \u00e9tudiante.<\/p>\n<p>Selon nos informations, c\u2019est la jeune femme, majeure, qui l\u2019avait r\u00e9v\u00e9l\u00e9e au dioc\u00e8se au cours du mois de juin. Jean-Bernard Plessy, 63 ans, avait \u00e9t\u00e9 convoqu\u00e9 d\u00e9but juillet. Au cours d\u2019une r\u00e9union tr\u00e8s rapide, il avait appris que Mgr\u00a0Olivier de Germay, archev\u00eaque de Lyon, avait d\u00e9cid\u00e9 le retrait de sa mission de directeur, qu\u2019il assurait depuis 2001, ainsi que l\u2019interdiction d\u2019entrer en contact avec l\u2019\u00e9tudiante et de se rendre sur les neuf sites de l\u2019Institution (4\u00a0600 \u00e9l\u00e8ves, <a href=\"https:\/\/www.leprogres.fr\/faits-divers-justice\/2026\/04\/05\/incendie-aux-chartreux-la-demolition-de-l-aile-est-du-batiment-ravage-par-les-flammes-debute\" target=\"_blank\" rel=\"nofollow noopener\">entre Lyon<\/a>, Saint-Cyr-au-Mont-d\u2019Or, Champagne-au-Mont-d\u2019Or, Caluire-et-Cuire et Saint-\u00c9tienne).<\/p>\n<p>  Signalement au procureur<\/p>\n<p>Une enqu\u00eate canonique a \u00e9t\u00e9 ouverte\u00a0; un signalement p\u00e9nal a aussi \u00e9t\u00e9 r\u00e9alis\u00e9 aupr\u00e8s du procureur de la R\u00e9publique de Lyon. Pourquoi ce signalement judiciaire\u00a0? \u00ab\u00a0Nous le faisons syst\u00e9matiquement pour les mineurs\u00a0\u00bb\u00a0; or l\u2019\u00e9tudiante est \u00ab\u00a0tout fra\u00eechement majeure\u00a0\u00bb, selon une source au sein du dioc\u00e8se. Saisir le procureur permettrait de faire la lumi\u00e8re sur les circonstances de cette relation, et prot\u00e9ger l\u2019Institution, au cas o\u00f9. Contact\u00e9 par l&rsquo;AFP, le parquet de Lyon a simplement indiqu\u00e9 dans la soir\u00e9e qu&rsquo;une \u00ab enqu\u00eate a \u00e9t\u00e9 ouverte et que les investigations sont en cours \u00bb. \u00a0\u00a0<\/p>\n<p>Dans la foul\u00e9e de son d\u00e9part, M.\u00a0Plessy avait \u00e9t\u00e9 remplac\u00e9 par Arthur Gouhier, pr\u00e9c\u00e9demment secr\u00e9taire g\u00e9n\u00e9ral du groupe, et qui a pris ses fonctions de mani\u00e8re effective ce 1er\u00a0septembre.<\/p>\n<p>  \u00ab\u00a0La gravit\u00e9 de cette affaire\u00a0\u00bb<\/p>\n<p>Dans les couloirs des Chartreux, on \u00e9voque \u00ab\u00a0une grande stup\u00e9faction\u00a0\u00bb. \u00ab\u00a0Nous n\u2019avions aucune connaissance de faits rapport\u00e9s avant que la jeune femme nous le dise\u00a0\u00bb, assure-t-on du c\u00f4t\u00e9 du dioc\u00e8se. Jean-Bernard Plessy \u00e9tait une figure \u00ab\u00a0tr\u00e8s appr\u00e9ci\u00e9e\u00a0\u00bb, avec qui il \u00e9tait \u00ab\u00a0facile d\u2019\u00e9changer\u00a0\u00bb, qui \u00ab\u00a0connaissait bien la maison, et tenait des discours dont on ne pouvait pas douter qu\u2019ils \u00e9taient sinc\u00e8res sur l\u2019\u00e9ducation\u00a0\u00bb, rel\u00e8ve David Camus, responsable communication de l\u2019Institution. Le p\u00e8re Plessy avait \u00e9t\u00e9 ordonn\u00e9 pr\u00eatre \u00e0 Saint-\u00c9tienne en 1991, puis nomm\u00e9 professeur de philosophie en 1995 \u00e0 l\u2019Institution des Chartreux <a href=\"https:\/\/www.leprogres.fr\/education\/2014\/06\/08\/le-superieur-de-l-institution-des-chartreux-j-b-plessy-chevalier-de-la-legion-d-honneur\" target=\"_blank\" rel=\"nofollow noopener\">avant d\u2019en devenir directeur en 2001<\/a>.<\/p>\n<p>L\u2019image du directeur id\u00e9al contraste avec la nouvelle qui a agit\u00e9 le groupe scolaire, provoquant \u00ab\u00a0une forte col\u00e8re\u00a0\u00bb, nourrie par \u00ab\u00a0le sentiment d\u2019avoir \u00e9t\u00e9 trahi\u00a0\u00bb. \u00ab\u00a0Ces faits vont \u00e0 l\u2019encontre de toute notre vision d\u2019une institution \u00e9ducative qui doit garantir l\u2019int\u00e9grit\u00e9 psychologique et physique des \u00e9l\u00e8ves et \u00e9tudiants, et leur s\u00e9curit\u00e9 affective. Cela va contre notre r\u00f4le, notre mission\u00a0\u00bb, souligne M. Camus, alors que l\u2019archev\u00eaque Mgr\u00a0de Germay insiste sur \u00ab\u00a0la gravit\u00e9 de cette affaire\u00a0\u00bb.<\/p>\n","protected":false},"excerpt":{"rendered":"Pour expliquer, le 9\u00a0juillet, son d\u00e9part soudain de la direction de l\u2019Institution des Chartreux, le p\u00e8re Jean-Bernard Plessy&hellip;\n","protected":false},"author":2,"featured_media":1163935,"comment_status":"","ping_status":"","sticky":false,"template":"","format":"standard","meta":{"footnotes":"","_share_on_mastodon":"0"},"categories":[1889],"tags":[1111,11,2430,271,272,2757,1057,1777,674,274,107,1011,27,2428,12,5889,25,2429,104],"class_list":["post-1163934","post","type-post","status-publish","format-standard","has-post-thumbnail","category-lyon","tag-actu","tag-actualites","tag-auvergne-rhone-alpes","tag-crime","tag-delit-et-contravention","tag-edition-lyon-villeurbanne","tag-education","tag-eu","tag-europe","tag-faits-divers-justice","tag-fil-info","tag-fr","tag-france","tag-lyon","tag-news","tag-religion-croyance","tag-republique-francaise","tag-rhone","tag-societe"],"share_on_mastodon":{"url":"https:\/\/pubeurope.com\/@fr\/117204049215545933","error":""},"_links":{"self":[{"href":"https:\/\/www.europesays.com\/fr\/wp-json\/wp\/v2\/posts\/1163934","targetHints":{"allow":["GET"]}}],"collection":[{"href":"https:\/\/www.europesays.com\/fr\/wp-json\/wp\/v2\/posts"}],"about":[{"href":"https:\/\/www.europesays.com\/fr\/wp-json\/wp\/v2\/types\/post"}],"author":[{"embeddable":true,"href":"https:\/\/www.europesays.com\/fr\/wp-json\/wp\/v2\/users\/2"}],"replies":[{"embeddable":true,"href":"https:\/\/www.europesays.com\/fr\/wp-json\/wp\/v2\/comments?post=1163934"}],"version-history":[{"count":0,"href":"https:\/\/www.europesays.com\/fr\/wp-json\/wp\/v2\/posts\/1163934\/revisions"}],"wp:featuredmedia":[{"embeddable":true,"href":"https:\/\/www.europesays.com\/fr\/wp-json\/wp\/v2\/media\/1163935"}],"wp:attachment":[{"href":"https:\/\/www.europesays.com\/fr\/wp-json\/wp\/v2\/media?parent=1163934"}],"wp:term":[{"taxonomy":"category","embeddable":true,"href":"https:\/\/www.europesays.com\/fr\/wp-json\/wp\/v2\/categories?post=1163934"},{"taxonomy":"post_tag","embeddable":true,"href":"https:\/\/www.europesays.com\/fr\/wp-json\/wp\/v2\/tags?post=1163934"}],"curies":[{"name":"wp","href":"https:\/\/api.w.org\/{rel}","templated":true}]}}