{"id":1163938,"date":"2026-09-02T23:31:23","date_gmt":"2026-09-02T23:31:23","guid":{"rendered":"https:\/\/www.europesays.com\/fr\/1163938\/"},"modified":"2026-09-02T23:31:23","modified_gmt":"2026-09-02T23:31:23","slug":"agression-homophobe-dun-policier-a-paris-le-suspect-mis-en-examen-et-place-sous-controle-judiciaire","status":"publish","type":"post","link":"https:\/\/www.europesays.com\/fr\/1163938\/","title":{"rendered":"Agression homophobe d&rsquo;un policier \u00e0 Paris : le suspect mis en examen et plac\u00e9 sous contr\u00f4le judiciaire"},"content":{"rendered":"<ul class=\"jsx-25100651 ArticleChapo__List\">\n<li class=\"jsx-25100651 ArticleChapo__List_Item flex\">Le suspect de l&rsquo;agression homophobe contre un policier survenue samedi 29 ao\u00fbt \u00e0 Paris a \u00e9t\u00e9 mis en examen et plac\u00e9 sous contr\u00f4le judiciaire.<\/li>\n<li class=\"jsx-25100651 ArticleChapo__List_Item flex\">Le pr\u00e9sident d&rsquo;une association LGBT+ a \u00e9t\u00e9 pris \u00e0 partie et pr\u00e9sentait de nombreuses traces de blessures.<\/li>\n<\/ul>\n<p><a href=\"https:\/\/www.google.com\/preferences\/source?q=tf1info.fr\" class=\"jsx-2150648137 jsx-976369737 ActionButton ActionButton--withBorder\" rel=\"nofollow noopener\" target=\"_blank\"><\/p>\n<p> Ajoutez TF1info \u00e0 vos sources sur Google <\/p>\n<p><\/a><\/p>\n<p id=\"body-_R_17v7tm_-block-5\" data-module=\"article-paragraph\" class=\"jsx-2921227388 Paragraph\">Un jeune homme a \u00e9t\u00e9 mis en examen apr\u00e8s <a href=\"https:\/\/www.tf1info.fr\/justice-faits-divers\/paris-le-president-d-une-association-lgbt-flag-pierre-picavet-grievement-blesse-apres-une-agression-homophobe-2461283.html\" target=\"_blank\" rel=\"nofollow noopener\">l&rsquo;agression ce week-end \u00e0 Paris du pr\u00e9sident d&rsquo;une association LGBT+ (nouvelle fen\u00eatre)<\/a> des policiers et fonctionnaires de justice, a indiqu\u00e9 ce mercredi 2 septembre le parquet de la capitale, confirmant une information du <a href=\"https:\/\/www.leparisien.fr\/paris-75\/agression-homophobe-du-policier-pierre-picavet-a-paris-son-agresseur-mis-en-examen-et-place-sous-controle-judiciaire-01-09-2026-VOLJMFZLRNFHDKLABJ3OGD2W2U.php\" target=\"_blank\" rel=\"nofollow noopener\">Parisien (nouvelle fen\u00eatre)<\/a>. Le suspect, n\u00e9 en 2006 et au casier judiciaire vierge, est poursuivi pour \u00ab\u00a0violences aggrav\u00e9es\u00a0\u00bb et \u00ab\u00a0vol\u00a0\u00bb.\u00a0Il a \u00e9t\u00e9 plac\u00e9 sous contr\u00f4le judiciaire, avec interdiction de para\u00eetre dans les 3\u1d49 et 4\u1d49 arrondissements de Paris, o\u00f9 a eu lieu l&rsquo;agression.<\/p>\n<p data-module=\"article-paragraph\" class=\"jsx-2921227388 Paragraph Paragraph__End\">Il a \u00e9galement interdiction d&rsquo;entrer en contact avec la victime et de quitter le territoire national m\u00e9tropolitain. Son contr\u00f4le judiciaire contient en outre une obligation de pointage aupr\u00e8s des forces de l&rsquo;ordre, ainsi qu&rsquo;une obligation de soins en addictologie, pr\u00e9cise le minist\u00e8re public.<\/p>\n<p>Circonstances aggravantes<\/p>\n<p id=\"body-_R_17v7tm_-block-8\" data-module=\"article-paragraph\" class=\"jsx-2921227388 Paragraph\">Pierre Picavet, policier et pr\u00e9sident de FLAG !, association de lutte contre les\u00a0discriminations et violences LGBTphobes regroupant des agents des minist\u00e8res de l&rsquo;Int\u00e9rieur et de la Justice, a \u00e9t\u00e9 agress\u00e9 un peu avant 4h du matin samedi \u00e0 la sortie d&rsquo;un bar dans le quartier du Marais, au c\u0153ur de la capitale. La victime pr\u00e9sentait de nombreuses traces de blessures (h\u00e9morragie interne, cr\u00e2ne ouvert&#8230;), \u00e0 la suite notamment d&rsquo;un jet de bouteille, selon le parquet.<\/p>\n<p data-module=\"article-paragraph\" class=\"jsx-2921227388 Paragraph Paragraph__End\">Une information judiciaire, confi\u00e9e \u00e0 un juge d&rsquo;instruction, avait \u00e9t\u00e9 ouverte lundi pour violence suivie d&rsquo;incapacit\u00e9 totale de travail (ITT) sup\u00e9rieure \u00e0 huit jours, ainsi que pour vol. Les violences reproch\u00e9es sont aggrav\u00e9es p\u00e9nalement car elles ont \u00e9t\u00e9 commises, selon le parquet, en raison de l&rsquo;orientation sexuelle ou de l&rsquo;identit\u00e9 de genre de la victime. L'\u00a0\u00bb\u00e9tat d&rsquo;ivresse manifeste\u00a0\u00bb du suspect ainsi que le recours \u00e0 \u00ab\u00a0une arme\u00a0\u00bb sont deux autres circonstances aggravantes retenues.<\/p>\n<p><a href=\"https:\/\/www.tf1info.fr\/justice-faits-divers\/video-tf1-enquete-ils-m-ont-fait-une-balayette-et-j-ai-pris-des-coups-de-pied-les-guet-apens-homophobes-se-multiplient-2415762.html\" rel=\"nofollow noopener\" class=\"jsx-958316424 Link flex\" target=\"_blank\"><img decoding=\"async\" src=\"https:\/\/www.europesays.com\/fr\/wp-content\/uploads\/2026\/09\/guet-apens-homophobes-31-decembre-2025-tf1-10abc3-0@1x.jpeg\" alt=\"GUET-APENS HOMOPHOBES 31 DECEMBRE 2025 TF1\" loading=\"lazy\" importance=\"low\" fetchpriority=\"low\" class=\"\" copyright=\"TF1\" aria-hidden=\"true\"\/><\/p>\n<p class=\"jsx-4054529586 ReadMoreArticle__Title\">Lire aussi<\/p>\n<p class=\"jsx-4054529586\">ENQU\u00caTE &#8211; \u00ab\u00a0Ils m&rsquo;ont fait une balayette et j&rsquo;ai pris des coups de pied\u00a0\u00bb : les guet-apens homophobes se multiplient<\/p>\n<p><\/a><\/p>\n<p id=\"body-_R_17v7tm_-block-12\" data-module=\"article-paragraph\" class=\"jsx-2921227388 Paragraph Paragraph__End\">Dans sa plainte, la victime a indiqu\u00e9 que l&rsquo;auteur de l&rsquo;agression l&rsquo;avait insult\u00e9e de mani\u00e8re homophobe \u00e0 plusieurs reprises, avait pr\u00e9cis\u00e9 dimanche le parquet. \u00ab\u00a0Elle lui a d\u00e9clin\u00e9 sa qualit\u00e9 de policier imm\u00e9diatement tout en lui montrant sa carte professionnelle, sans dissuader le mis en cause de s&rsquo;en prendre \u00e0 elle\u00a0\u00bb, avait ajout\u00e9 le minist\u00e8re public.<\/p>\n","protected":false},"excerpt":{"rendered":"Le suspect de l&rsquo;agression homophobe contre un policier survenue samedi 29 ao\u00fbt \u00e0 Paris a \u00e9t\u00e9 mis en&hellip;\n","protected":false},"author":2,"featured_media":910855,"comment_status":"","ping_status":"","sticky":false,"template":"","format":"standard","meta":{"footnotes":"","_share_on_mastodon":"0"},"categories":[1888],"tags":[1111,1928,11,1927,1921,1777,674,1011,27,1922,303,2954,9087,12,1926,626,1925,1072,25,133,2953],"class_list":["post-1163938","post","type-post","status-publish","format-standard","has-post-thumbnail","category-paris","tag-actu","tag-actu-paris","tag-actualites","tag-actualites-paris","tag-article-video","tag-eu","tag-europe","tag-fr","tag-france","tag-info","tag-justice","tag-justice-et-faits-divers","tag-lgbt","tag-news","tag-news-paris","tag-paris","tag-paris-news","tag-police","tag-republique-francaise","tag-video","tag-video-police"],"share_on_mastodon":{"url":"https:\/\/pubeurope.com\/@fr\/117204059036766657","error":""},"_links":{"self":[{"href":"https:\/\/www.europesays.com\/fr\/wp-json\/wp\/v2\/posts\/1163938","targetHints":{"allow":["GET"]}}],"collection":[{"href":"https:\/\/www.europesays.com\/fr\/wp-json\/wp\/v2\/posts"}],"about":[{"href":"https:\/\/www.europesays.com\/fr\/wp-json\/wp\/v2\/types\/post"}],"author":[{"embeddable":true,"href":"https:\/\/www.europesays.com\/fr\/wp-json\/wp\/v2\/users\/2"}],"replies":[{"embeddable":true,"href":"https:\/\/www.europesays.com\/fr\/wp-json\/wp\/v2\/comments?post=1163938"}],"version-history":[{"count":0,"href":"https:\/\/www.europesays.com\/fr\/wp-json\/wp\/v2\/posts\/1163938\/revisions"}],"wp:featuredmedia":[{"embeddable":true,"href":"https:\/\/www.europesays.com\/fr\/wp-json\/wp\/v2\/media\/910855"}],"wp:attachment":[{"href":"https:\/\/www.europesays.com\/fr\/wp-json\/wp\/v2\/media?parent=1163938"}],"wp:term":[{"taxonomy":"category","embeddable":true,"href":"https:\/\/www.europesays.com\/fr\/wp-json\/wp\/v2\/categories?post=1163938"},{"taxonomy":"post_tag","embeddable":true,"href":"https:\/\/www.europesays.com\/fr\/wp-json\/wp\/v2\/tags?post=1163938"}],"curies":[{"name":"wp","href":"https:\/\/api.w.org\/{rel}","templated":true}]}}