{"id":1163939,"date":"2026-09-02T23:32:16","date_gmt":"2026-09-02T23:32:16","guid":{"rendered":"https:\/\/www.europesays.com\/fr\/1163939\/"},"modified":"2026-09-02T23:32:16","modified_gmt":"2026-09-02T23:32:16","slug":"photo-la-raison-de-la-presence-de-yamal-a-paris","status":"publish","type":"post","link":"https:\/\/www.europesays.com\/fr\/1163939\/","title":{"rendered":"Photo : la raison de la pr\u00e9sence de Yamal \u00e0 Paris"},"content":{"rendered":"<p>Lamine Yamal a inscrit deux buts en 3 matches disput\u00e9s cette saison avec Barcelone, confirmant ainsi que le joueur de 19 ans sera de nouveau l&rsquo;un des noms \u00e0 prendre en compte cette saison.<\/p>\n<p>Yamal se pr\u00e9pare \u00e0 affronter Valence, avec son \u00e9quipe catalane, dimanche prochain, lors de la quatri\u00e8me journ\u00e9e de Liga, mais il a r\u00e9ussi \u00e0 profiter d&rsquo;une courte p\u00e9riode de repos pour voyager.<\/p>\n<p>Le site <a href=\"https:\/\/www.footmercato.net\/a5072085949796525873-lamine-yamal-est-a-paris\" target=\"_blank\" rel=\"nofollow noopener\"><strong>Foot Mercato<\/strong><\/a> a rapport\u00e9 que Yamal s&rsquo;est rendu dans la capitale fran\u00e7aise, o\u00f9 il a eu l&rsquo;occasion de profiter de l&rsquo;ambiance parisienne, comme il l&rsquo;a montr\u00e9 sur ses comptes de r\u00e9seaux sociaux.<\/p>\n<p>Cette destination sera de nouveau famili\u00e8re \u00e0 Yamal dans quelques semaines, puisque Barcelone se rendra au Parc des Princes pour affronter le Paris Saint-Germain, le 20 octobre, dans le cadre de la Ligue des champions.<\/p>\n<p>Barcelone a entam\u00e9 la d\u00e9fense de son titre de champion de Liga en s&rsquo;imposant lors des 3 premi\u00e8res journ\u00e9es, aux d\u00e9pens d&rsquo;Elche, de l&rsquo;Athletic Bilbao et du Rayo Vallecano.<\/p>\n<p><strong>Vous pouvez discuter plus en profondeur des sujets et des actualit\u00e9s sur les forums de Kooora<\/strong><\/p>\n","protected":false},"excerpt":{"rendered":"Lamine Yamal a inscrit deux buts en 3 matches disput\u00e9s cette saison avec Barcelone, confirmant ainsi que le&hellip;\n","protected":false},"author":2,"featured_media":1163940,"comment_status":"","ping_status":"","sticky":false,"template":"","format":"standard","meta":{"footnotes":"","_share_on_mastodon":"0"},"categories":[1888],"tags":[1111,1928,11,1927,34081,1777,674,5695,15008,119642,1011,27,16408,19317,12,1926,626,1925,25,42064,119643],"class_list":["post-1163939","post","type-post","status-publish","format-standard","has-post-thumbnail","category-paris","tag-actu","tag-actu-paris","tag-actualites","tag-actualites-paris","tag-barcelona","tag-eu","tag-europe","tag-fc-barcelone","tag-fc-valence","tag-fc-valence-vs-fc-barcelone","tag-fr","tag-france","tag-l-yamal","tag-laliga","tag-news","tag-news-paris","tag-paris","tag-paris-news","tag-republique-francaise","tag-valencia","tag-valencia-vs-barcelona"],"share_on_mastodon":{"url":"https:\/\/pubeurope.com\/@fr\/117204060863150776","error":""},"_links":{"self":[{"href":"https:\/\/www.europesays.com\/fr\/wp-json\/wp\/v2\/posts\/1163939","targetHints":{"allow":["GET"]}}],"collection":[{"href":"https:\/\/www.europesays.com\/fr\/wp-json\/wp\/v2\/posts"}],"about":[{"href":"https:\/\/www.europesays.com\/fr\/wp-json\/wp\/v2\/types\/post"}],"author":[{"embeddable":true,"href":"https:\/\/www.europesays.com\/fr\/wp-json\/wp\/v2\/users\/2"}],"replies":[{"embeddable":true,"href":"https:\/\/www.europesays.com\/fr\/wp-json\/wp\/v2\/comments?post=1163939"}],"version-history":[{"count":0,"href":"https:\/\/www.europesays.com\/fr\/wp-json\/wp\/v2\/posts\/1163939\/revisions"}],"wp:featuredmedia":[{"embeddable":true,"href":"https:\/\/www.europesays.com\/fr\/wp-json\/wp\/v2\/media\/1163940"}],"wp:attachment":[{"href":"https:\/\/www.europesays.com\/fr\/wp-json\/wp\/v2\/media?parent=1163939"}],"wp:term":[{"taxonomy":"category","embeddable":true,"href":"https:\/\/www.europesays.com\/fr\/wp-json\/wp\/v2\/categories?post=1163939"},{"taxonomy":"post_tag","embeddable":true,"href":"https:\/\/www.europesays.com\/fr\/wp-json\/wp\/v2\/tags?post=1163939"}],"curies":[{"name":"wp","href":"https:\/\/api.w.org\/{rel}","templated":true}]}}