{"id":1163956,"date":"2026-09-02T23:41:18","date_gmt":"2026-09-02T23:41:18","guid":{"rendered":"https:\/\/www.europesays.com\/fr\/1163956\/"},"modified":"2026-09-02T23:41:18","modified_gmt":"2026-09-02T23:41:18","slug":"jai-evite-de-justesse-une-dame-qui-ouvrait-sa-portiere-sans-regarder-le-velo-derriere-moi-na-pas-eu-cette-chance","status":"publish","type":"post","link":"https:\/\/www.europesays.com\/fr\/1163956\/","title":{"rendered":"J&rsquo;ai \u00e9vit\u00e9 de justesse une dame qui ouvrait sa porti\u00e8re sans regarder, le v\u00e9lo derri\u00e8re moi n&rsquo;a pas eu cette chance"},"content":{"rendered":"<p class=\"gpsb-badge__text\">Vous aimez notre contenu ?<\/p>\n<p><a class=\"gpsb-badge__link no-adv\" data-ad-skip=\"true\" href=\"https:\/\/google.com\/preferences\/source?q=journaldesseniors.20minutes.fr\" target=\"_blank\" rel=\"noopener sponsored nofollow\" aria-label=\"Ajoutez-nous \u00e0 vos favoris Google\">Ajoutez-nous \u00e0 vos<br \/>favoris Google<\/a><\/p>\n<p>Vu depuis le guidon, la sc\u00e8ne se joue en une fraction de seconde : une silhouette pench\u00e9e vers la banquette, un bras qui pousse la porti\u00e8re, et soudain un obstacle d&rsquo;acier qui surgit \u00e0 hauteur de poitrine. J&rsquo;ai eu le r\u00e9flexe de me d\u00e9porter, le cycliste qui suivait n&rsquo;a pas eu ce quart de seconde d&rsquo;avance. Ce genre de sc\u00e8ne, on la croise partout, aux abords des \u00e9coles \u00e0 la rentr\u00e9e, sur les axes urbains charg\u00e9s, le long des pistes cyclables coll\u00e9es au stationnement. Elle a un nom, un article de loi, et surtout des r\u00e9flexes tr\u00e8s simples qui suffisent \u00e0 l&rsquo;\u00e9viter.<\/p>\n<p>Une porti\u00e8re qui s&rsquo;ouvre, un cycliste au sol : le sc\u00e9nario que personne n&rsquo;anticipe<\/p>\n<p> Le ph\u00e9nom\u00e8ne est connu sous le nom de <strong>car dooring<\/strong> : un cycliste se retrouve au sol apr\u00e8s l&rsquo;ouverture soudaine d&rsquo;une porti\u00e8re. Le sc\u00e9nario est toujours le m\u00eame, et il est redoutable parce qu&rsquo;il ne laisse aucune place \u00e0 l&rsquo;anticipation. Le cycliste roule \u00e0 allure normale, longe une file de v\u00e9hicules stationn\u00e9s, et une porti\u00e8re s&rsquo;ouvre. Deux options, toutes deux mauvaises : heurter la porti\u00e8re de plein fouet, ou tenter un \u00e9cart sur la gauche, au risque de chuter ou de se faire renverser par la voiture qui arrive derri\u00e8re. La difficult\u00e9, c&rsquo;est que ce mouvement est invisible jusqu&rsquo;\u00e0 la derni\u00e8re seconde, et qu&rsquo;il concerne autant les v\u00e9los que les trottinettes ou m\u00eame les pi\u00e9tons qui passent entre deux v\u00e9hicules. La sortie pr\u00e9cipit\u00e9e devant l&rsquo;\u00e9cole, le passager press\u00e9 qui saute de son si\u00e8ge, l&rsquo;enfant qui pousse sa porti\u00e8re c\u00f4t\u00e9 chauss\u00e9e : autant de gestes du quotidien qui peuvent virer au drame.<\/p>\n<p> Ce que dit vraiment l&rsquo;article R417-7 sur l&rsquo;ouverture des porti\u00e8res<\/p>\n<p> Le Code de la route est limpide sur ce point. L&rsquo;<strong>article R417-7<\/strong> <a href=\"https:\/\/www.legifrance.gouv.fr\/codes\/article_lc\/LEGIARTI000006842289\" rel=\"nofollow noopener\" target=\"_blank\">interdit \u00e0 tout occupant d&rsquo;un v\u00e9hicule<\/a> \u00e0 l&rsquo;arr\u00eat ou en stationnement d&rsquo;ouvrir une porti\u00e8re lorsque cette man\u0153uvre constitue un danger pour lui-m\u00eame ou pour les autres usagers. Le texte vise tout occupant, ce qui inclut le conducteur, le passager avant, ceux de l&rsquo;arri\u00e8re, et jusqu&rsquo;aux enfants. L&rsquo;infraction est une contravention de premi\u00e8re classe, punie d&rsquo;une amende de <strong>11 euros<\/strong>, major\u00e9e \u00e0 <strong>33 euros<\/strong> en cas de retard de paiement. Mais la vraie sanction est ailleurs : c\u00f4t\u00e9 assurance, la responsabilit\u00e9 est fix\u00e9e \u00e0 <strong>100 %<\/strong> pour la personne qui a ouvert la porti\u00e8re, qu&rsquo;elle soit conducteur ou passager. Et si la porti\u00e8re \u00e9tait d\u00e9j\u00e0 ouverte au moment du choc, l&rsquo;automobiliste rest\u00e9 dans son v\u00e9hicule est lui aussi consid\u00e9r\u00e9 comme responsable, la porte constituant alors un obstacle et un danger sur la voie. Les cours d&rsquo;appel sanctionnent volontiers le v\u00e9hicule stationn\u00e9 dont la porte empi\u00e8te sur la chauss\u00e9e, en particulier le long des pistes cyclables, m\u00eame si la balance peut se r\u00e9\u00e9quilibrer si l&rsquo;usager roulant a fait preuve d&rsquo;une r\u00e9elle l\u00e9g\u00e8ret\u00e9.<\/p>\n<p> Les bons r\u00e9flexes \u00e0 adopter avant de descendre de sa voiture<\/p>\n<p> La bonne nouvelle, c&rsquo;est qu&rsquo;un geste suffit \u00e0 \u00e9liminer presque tout le risque, et la s\u00e9curit\u00e9 routi\u00e8re a d&rsquo;ailleurs communiqu\u00e9 sur un geste simple pour les automobilistes afin de prot\u00e9ger cyclistes, trottinettes et pi\u00e9tons des accidents de porti\u00e8re. Ce mouvement aide \u00e0 balayer du regard la zone d&rsquo;o\u00f9 peuvent surgir ces usagers. Quelques points r\u00e9glementaires m\u00e9ritent d&rsquo;\u00eatre partag\u00e9s en famille :<\/p>\n<ul>\n<li>Rappeler aux enfants et aux passagers de <strong>ne jamais pousser leur porti\u00e8re<\/strong> si cette man\u0153uvre constitue un danger.<\/li>\n<li>Garder \u00e0 l&rsquo;esprit que la r\u00e8gle du Code de la route vise tous les occupants, sans exception.<\/li>\n<li>Se souvenir que le cycliste ne peut pas anticiper l&rsquo;ouverture soudaine d&rsquo;une porti\u00e8re sur son trajet.<\/li>\n<li>Prendre conscience que la responsabilit\u00e9 est de 100 % pour celui qui ouvre la porti\u00e8re sans regarder et provoque un accident.<\/li>\n<\/ul>\n<p> Derri\u00e8re un article du Code que peu de gens connaissent par c\u0153ur se cache finalement une \u00e9vidence : une porti\u00e8re qui s&rsquo;ouvre, ce n&rsquo;est pas un geste anodin, c&rsquo;est une man\u0153uvre. La traiter comme telle suffit \u00e0 \u00e9viter des accidents graves. Et l&rsquo;essentiel \u00e0 installer sur les si\u00e8ges avec les passagers, petits ou grands, reste tout simplement d&rsquo;adopter le geste recommand\u00e9 par la s\u00e9curit\u00e9 routi\u00e8re.<\/p>\n","protected":false},"excerpt":{"rendered":"Vous aimez notre contenu ? Ajoutez-nous \u00e0 vosfavoris Google Vu depuis le guidon, la sc\u00e8ne se joue en&hellip;\n","protected":false},"author":2,"featured_media":1163957,"comment_status":"","ping_status":"","sticky":false,"template":"","format":"standard","meta":{"footnotes":"","_share_on_mastodon":"0"},"categories":[1586],"tags":[11,646,1777,674,1779,1011,27,12,56,25,1778,364,4752],"class_list":["post-1163956","post","type-post","status-publish","format-standard","has-post-thumbnail","category-europe","tag-actualites","tag-automobile","tag-eu","tag-europe","tag-european-union","tag-fr","tag-france","tag-news","tag-push","tag-republique-francaise","tag-ue","tag-union-europeenne","tag-voiture"],"share_on_mastodon":{"url":"https:\/\/pubeurope.com\/@fr\/117204096384305156","error":""},"_links":{"self":[{"href":"https:\/\/www.europesays.com\/fr\/wp-json\/wp\/v2\/posts\/1163956","targetHints":{"allow":["GET"]}}],"collection":[{"href":"https:\/\/www.europesays.com\/fr\/wp-json\/wp\/v2\/posts"}],"about":[{"href":"https:\/\/www.europesays.com\/fr\/wp-json\/wp\/v2\/types\/post"}],"author":[{"embeddable":true,"href":"https:\/\/www.europesays.com\/fr\/wp-json\/wp\/v2\/users\/2"}],"replies":[{"embeddable":true,"href":"https:\/\/www.europesays.com\/fr\/wp-json\/wp\/v2\/comments?post=1163956"}],"version-history":[{"count":0,"href":"https:\/\/www.europesays.com\/fr\/wp-json\/wp\/v2\/posts\/1163956\/revisions"}],"wp:featuredmedia":[{"embeddable":true,"href":"https:\/\/www.europesays.com\/fr\/wp-json\/wp\/v2\/media\/1163957"}],"wp:attachment":[{"href":"https:\/\/www.europesays.com\/fr\/wp-json\/wp\/v2\/media?parent=1163956"}],"wp:term":[{"taxonomy":"category","embeddable":true,"href":"https:\/\/www.europesays.com\/fr\/wp-json\/wp\/v2\/categories?post=1163956"},{"taxonomy":"post_tag","embeddable":true,"href":"https:\/\/www.europesays.com\/fr\/wp-json\/wp\/v2\/tags?post=1163956"}],"curies":[{"name":"wp","href":"https:\/\/api.w.org\/{rel}","templated":true}]}}