{"id":1163961,"date":"2026-09-02T23:47:12","date_gmt":"2026-09-02T23:47:12","guid":{"rendered":"https:\/\/www.europesays.com\/fr\/1163961\/"},"modified":"2026-09-02T23:47:12","modified_gmt":"2026-09-02T23:47:12","slug":"stade-toulousain-ramos-applaudi-ntamack-affute-nombreux-absents-ce-quil-faut-retenir-de-lentrainement-ouvert-au-public-avant-le-debut-du-top-14","status":"publish","type":"post","link":"https:\/\/www.europesays.com\/fr\/1163961\/","title":{"rendered":"Stade Toulousain : Ramos applaudi, Ntamack affut\u00e9, nombreux absents&#8230; Ce qu&rsquo;il faut retenir de l&rsquo;entra\u00eenement ouvert au public avant le d\u00e9but du Top 14"},"content":{"rendered":"<p>\n                                                                    l&rsquo;essentiel<br \/>\n                                                                Sous le regard d\u2019une dizaine de milliers de ses supporters, le Stade Toulousain a d\u00e9but\u00e9 ce mercredi la pr\u00e9paration de son d\u00e9placement \u00e0 La Rochelle, dimanche, qui marquera le coup d\u2019envoi de la saison.\n                            <\/p>\n<p>Au c\u0153ur d\u2019une journ\u00e9e d\u00e9di\u00e9e \u00e0 la c\u00e9l\u00e9bration du 25e bouclier de Brennus, le quatri\u00e8me cons\u00e9cutif, les joueurs du Stade Toulousain ont quand m\u00eame eu droit \u00e0 un vrai entra\u00eenement. Une s\u00e9ance coinc\u00e9e entre les signatures d\u2019autographes et la pr\u00e9sentation du fameux troph\u00e9e qui aura dur\u00e9 un peu plus d\u2019une heure. C\u2019est d\u2019abord le staff qui s\u2019est pr\u00e9sent\u00e9 sur la pelouse (tr\u00e8s) ab\u00eem\u00e9e une vingtaine de minutes avant les joueurs, bruyamment accueillis.<\/p>\n<p class=\"std-elt__inline\">\n        <strong>\u00c0 lire aussi :<\/strong><br \/>\n        <a href=\"https:\/\/www.ladepeche.fr\/2026\/09\/02\/reportage-cest-bien-aussi-de-feter-ca-a-la-maison-prives-de-celebration-a-cause-de-la-canicule-10-000-supporters-communient-avec-les-joueurs-deux-mois-13533084.php\" rel=\"nofollow noopener\" target=\"_blank\">REPORTAGE. \u00ab\u00a0C\u2019est bien aussi de f\u00eater \u00e7a \u00e0 la maison !\u00a0\u00bb : priv\u00e9s de c\u00e9l\u00e9bration \u00e0 cause de la m\u00e9t\u00e9o, 10 000 supporters communient avec les joueurs deux mois apr\u00e8s le titre du Stade Toulousain<\/a>\n    <\/p>\n<p>Romain Ntamack, tr\u00e8s aff\u00fbt\u00e9, a plusieurs fois r\u00e9gal\u00e9 ses co\u00e9quipiers tandis que Thomas Ramos a \u00e9t\u00e9 chaleureusement applaudi sur une belle perc\u00e9e. Compatissant le public a encourag\u00e9 ses ouailles lors d\u2019une pause chaleur bien m\u00e9rit\u00e9e puisqu\u2019il faisait encore pas loin de 30\u00b0 au coup d\u2019envoi de cet entra\u00eenement pas comme les autres.<\/p>\n<p class=\"std-elt__inline\">\n        <strong>\u00c0 lire aussi :<\/strong><br \/>\n        <a href=\"https:\/\/www.ladepeche.fr\/2026\/09\/01\/stade-toulousain-entoure-denfants-antoine-dupont-celebre-la-sortie-de-sa-chaussure-signature-lors-dun-tournoi-de-touch-rugby-13531236.php\" rel=\"nofollow noopener\" target=\"_blank\">Stade Toulousain : entour\u00e9 d&rsquo;enfants, Antoine Dupont c\u00e9l\u00e8bre la sortie de sa chaussure signature lors d&rsquo;un tournoi de \u00ab\u00a0touch rugby\u00a0\u00bb<\/a>\n    <\/p>\n<p>Des absents en troisi\u00e8me ligne\u2026<\/p>\n<p>A quatre jours du top d\u00e9part de la saison, le groupe toulousain disponible pour le premier d\u00e9placement de la saison \u00e0 La Rochelle, dimanche soir, sera quasiment le m\u00eame que celui s\u2019est impos\u00e9 \u00e0 Bayonne le 28 ao\u00fbt dernier lors du seul match amical de l\u2019\u00e9t\u00e9 (54-47).<\/p>\n<p>Th\u00e9o Ntamack, Emmanuel Meafou, Rodrigue Neti ou encore Georges-Henri Colombe, exempt\u00e9s du d\u00e9placement au Pays Basque sont de nouveau \u00e0 disposition du staff. S\u2019il faudra faire sans Valentin Delpy (\u00e9paule gauche) et Cl\u00e9ment Verg\u00e9 (genou droit), qui seront tous les deux absents pour de longues semaines, Malachi Hawkes (tendon d\u2019Achille) Anthony Jelonch (mollet), L\u00e9o Banos (cervicales), Mathis Castro Ferreira (cheville), Jack Willis (genou) et David Ainu\u2019u (adducteurs) vont tous progressivement faire leur retour dans le courant du mois de septembre.<\/p>\n<p class=\"std-elt__inline\">\n        <strong>\u00c0 lire aussi :<\/strong><br \/>\n        <a href=\"https:\/\/www.ladepeche.fr\/2026\/09\/01\/stade-toulousain-ils-sont-tellement-habitues-a-gagner-les-toulousains-repartent-avec-letiquette-de-favori-les-pronostics-de-marjorie-mayans-13530937.php\" rel=\"nofollow noopener\" target=\"_blank\">Stade Toulousain : \u00ab\u00a0Ils sont tellement habitu\u00e9s \u00e0 gagner, les Toulousains repartent avec l&rsquo;\u00e9tiquette de favori\u00a0\u00bb, les pronostics de Marjorie Mayans, consultante pour Canal+<\/a>\n    <\/p>\n<p>Particuli\u00e8rement handicap\u00e9 par les absences en troisi\u00e8me ligne le Stade Toulousain devrait faire confiance \u00e0 sa jeunesse en promouvant notamment Marc-Elie Kouassi et Guillaume Raynaud, deux Espoirs tr\u00e8s prometteurs. Les deux hommes se sont d\u2019ailleurs mis en \u00e9vidence lors d\u2019un entra\u00eenement qui a permis \u00e0 certains fans de voir pour la premi\u00e8re fois la recrue italienne Tommaso Menoncello dont la puissance a particuli\u00e8rement impressionn\u00e9.<\/p>\n<p>Ange Capuozzo, son co\u00e9quipier transalpin, s\u2019est \u00e9galement mis en \u00e9vidence sur une action d\u2019\u00e9cole qui a confirm\u00e9 qu\u2019il n\u2019avait rien perdu de sa vitesse. Tout comme Antoine Dupont n\u2019a rien perdu de ses appuis sur un num\u00e9ro de soliste qui a d\u00e9clench\u00e9 l\u2019\u00e9merveillement de ses supporters avant d\u2019\u00eatre maladroitement caviard\u00e9 par un des ses co\u00e9quipiers dont on taira le nom par charit\u00e9. Apr\u00e8s tout, le (premier) match qui compte c\u2019est dimanche n\u2019est-ce pas\u2005?<\/p>\n","protected":false},"excerpt":{"rendered":"l&rsquo;essentiel Sous le regard d\u2019une dizaine de milliers de ses supporters, le Stade Toulousain a d\u00e9but\u00e9 ce mercredi&hellip;\n","protected":false},"author":2,"featured_media":1163962,"comment_status":"","ping_status":"","sticky":false,"template":"","format":"standard","meta":{"footnotes":"","_share_on_mastodon":"0"},"categories":[1416],"tags":[1011,27,2722,479,2115,1468,517,60,476,2312],"class_list":["post-1163961","post","type-post","status-publish","format-standard","has-post-thumbnail","category-rugby","tag-fr","tag-france","tag-haute-garonne","tag-rugby","tag-rugby-a-xv","tag-rugby-football","tag-sport","tag-sports","tag-stade-toulousain","tag-toulouse"],"share_on_mastodon":{"url":"https:\/\/pubeurope.com\/@fr\/117204120036767667","error":""},"_links":{"self":[{"href":"https:\/\/www.europesays.com\/fr\/wp-json\/wp\/v2\/posts\/1163961","targetHints":{"allow":["GET"]}}],"collection":[{"href":"https:\/\/www.europesays.com\/fr\/wp-json\/wp\/v2\/posts"}],"about":[{"href":"https:\/\/www.europesays.com\/fr\/wp-json\/wp\/v2\/types\/post"}],"author":[{"embeddable":true,"href":"https:\/\/www.europesays.com\/fr\/wp-json\/wp\/v2\/users\/2"}],"replies":[{"embeddable":true,"href":"https:\/\/www.europesays.com\/fr\/wp-json\/wp\/v2\/comments?post=1163961"}],"version-history":[{"count":0,"href":"https:\/\/www.europesays.com\/fr\/wp-json\/wp\/v2\/posts\/1163961\/revisions"}],"wp:featuredmedia":[{"embeddable":true,"href":"https:\/\/www.europesays.com\/fr\/wp-json\/wp\/v2\/media\/1163962"}],"wp:attachment":[{"href":"https:\/\/www.europesays.com\/fr\/wp-json\/wp\/v2\/media?parent=1163961"}],"wp:term":[{"taxonomy":"category","embeddable":true,"href":"https:\/\/www.europesays.com\/fr\/wp-json\/wp\/v2\/categories?post=1163961"},{"taxonomy":"post_tag","embeddable":true,"href":"https:\/\/www.europesays.com\/fr\/wp-json\/wp\/v2\/tags?post=1163961"}],"curies":[{"name":"wp","href":"https:\/\/api.w.org\/{rel}","templated":true}]}}