{"id":1163964,"date":"2026-09-02T23:52:19","date_gmt":"2026-09-02T23:52:19","guid":{"rendered":"https:\/\/www.europesays.com\/fr\/1163964\/"},"modified":"2026-09-02T23:52:19","modified_gmt":"2026-09-02T23:52:19","slug":"tour-de-grande-bretagne-e1-askey-surprend-ganna-et-wellens-sports","status":"publish","type":"post","link":"https:\/\/www.europesays.com\/fr\/1163964\/","title":{"rendered":"Tour de Grande-Bretagne (E1) : Askey surprend Ganna et Wellens : Sports"},"content":{"rendered":"<p class=\"date\">\n                                                            Fabien Le Floc&rsquo;h, Media365 : publi\u00e9 le mercredi 02 septembre 2026 \u00e0 16h39\n                                                    <\/p>\n<p><strong>Lewis Askey (NSN Cycling Team) a remport\u00e9 la premi\u00e8re \u00e9tape du Tour de Grande-Bretagne ce mercredi autour de Lincoln, devan\u00e7ant sur la ligne Filippo Ganna (Netcompany-Ineos) et Tim Wellens (UAE Emirates-XRG).<br \/><\/strong><\/p>\n<p>C&rsquo;est parti pour la 22e \u00e9dition du Tour de Grande-Bretagne ! C&rsquo;est sur un circuit autour de la ville de Lincoln, dans l&rsquo;ouest de l&rsquo;Angleterre, que le peloton a disput\u00e9 la premi\u00e8re des cinq \u00e9tapes pr\u00e9vues pour cette course. Et c&rsquo;est un coureur britannique qui s&rsquo;est montr\u00e9 le plus fort et le plus malin dans les derniers kilom\u00e8tres pour remporter cette premi\u00e8re \u00e9tape et rev\u00eatir le maillot de leader.<\/p>\n<p>Il s&rsquo;agit de <strong>Lewis Askey (NSN Cycling Team)<\/strong>, qui a parfaitement jou\u00e9 le coup lors de la derni\u00e8re des quatre boucles autour du centre-ville de Lincoln, avec la mont\u00e9e pav\u00e9e et \u00e9troite de Michaelgate comme principale difficult\u00e9. C&rsquo;est dans ce passage que Lewis Askey a fait la diff\u00e9rence. Une premi\u00e8re fois lors du deuxi\u00e8me passage, o\u00f9 il a d&rsquo;abord attaqu\u00e9 pour cr\u00e9er un groupe de 12 \u00e9chapp\u00e9s. Puis une seconde fois, lors du dernier passage, en suivant bien l&rsquo;attaque de Florian Vermeersch (UAE Emriates-XRG) \u00e0 deux kilom\u00e8tres de l&rsquo;arriv\u00e9e pour mieux le reprendre et le d\u00e9poser \u00e0 800 m\u00e8tres de la ligne.<\/p>\n<p>Jacquelin 93e<\/p>\n<p>Derri\u00e8re, plusieurs cadors ont tent\u00e9 de rejoindre l&rsquo;ancien coureur de la Groupama-FDJ mais <strong>Filippo Ganna (Netcompany-Ineos) et Tim Wellens (UAE Emirates-XRG) ont \u00e9chou\u00e9 \u00e0 deux secondes<\/strong>. Florian Vermeersch termine finalement \u00e0 la 7e place, \u00e0 11 secondes. Il s&rsquo;agit de la premi\u00e8re victoire en 2026 pour Lewis Askey, qui n&rsquo;avait jusqu&rsquo;\u00e0 pr\u00e9sent gagner qu&rsquo;en France, une fois lors des Quatre Jours de Dunkerque et une autre fois sur les Boucles de l&rsquo;Aulne. Pour sa premi\u00e8re course par \u00e9tapes \u00e0 l&rsquo;\u00e9tranger, le biathl\u00e8te \u00c9milien Jacquelin (Decathlon-CMA CGM) a termin\u00e9 \u00e0 la 93e place, \u00e0 8&rsquo;54\u00a0\u00bb du vainqueur.<\/p>\n<p><strong>TOUR DE GRANDE-BRETAGNE<\/strong><br \/><strong>Classement de la 1re \u00e9tape (Lincoln-Lincoln, 182,5km) &#8211; Mercredi 2 septembre 2026<\/strong><br \/><strong>1- Lewis Askey (GBR\/NSN Cycling Team) en 4h02&rsquo;44\u00a0\u00bb<\/strong><br \/>2- Filippo Ganna (ITA\/Netcompany Ineos) + 0&rsquo;02\u00a0\u00bb<br \/>3- Tim Wellens (BEL\/UAE Team Emirates-XRG) + 0&rsquo;02\u00a0\u00bb<br \/>4- Jasper Stuyven (BEL\/Soudal-QuickStep) + 0&rsquo;09\u00a0\u00bb<br \/>5- Daan Hoole (NED\/Decathlon CMA CGM) + 0&rsquo;09\u00a0\u00bb<br \/>&#8230;<\/p>\n","protected":false},"excerpt":{"rendered":"Fabien Le Floc&rsquo;h, Media365 : publi\u00e9 le mercredi 02 septembre 2026 \u00e0 16h39 Lewis Askey (NSN Cycling Team)&hellip;\n","protected":false},"author":2,"featured_media":1163965,"comment_status":"","ping_status":"","sticky":false,"template":"","format":"standard","meta":{"footnotes":"","_share_on_mastodon":"0"},"categories":[1411],"tags":[1154,207,1011,27,60],"class_list":["post-1163964","post","type-post","status-publish","format-standard","has-post-thumbnail","category-cyclisme","tag-cycling","tag-cyclisme","tag-fr","tag-france","tag-sports"],"share_on_mastodon":{"url":"https:\/\/pubeurope.com\/@fr\/117204139892211510","error":""},"_links":{"self":[{"href":"https:\/\/www.europesays.com\/fr\/wp-json\/wp\/v2\/posts\/1163964","targetHints":{"allow":["GET"]}}],"collection":[{"href":"https:\/\/www.europesays.com\/fr\/wp-json\/wp\/v2\/posts"}],"about":[{"href":"https:\/\/www.europesays.com\/fr\/wp-json\/wp\/v2\/types\/post"}],"author":[{"embeddable":true,"href":"https:\/\/www.europesays.com\/fr\/wp-json\/wp\/v2\/users\/2"}],"replies":[{"embeddable":true,"href":"https:\/\/www.europesays.com\/fr\/wp-json\/wp\/v2\/comments?post=1163964"}],"version-history":[{"count":0,"href":"https:\/\/www.europesays.com\/fr\/wp-json\/wp\/v2\/posts\/1163964\/revisions"}],"wp:featuredmedia":[{"embeddable":true,"href":"https:\/\/www.europesays.com\/fr\/wp-json\/wp\/v2\/media\/1163965"}],"wp:attachment":[{"href":"https:\/\/www.europesays.com\/fr\/wp-json\/wp\/v2\/media?parent=1163964"}],"wp:term":[{"taxonomy":"category","embeddable":true,"href":"https:\/\/www.europesays.com\/fr\/wp-json\/wp\/v2\/categories?post=1163964"},{"taxonomy":"post_tag","embeddable":true,"href":"https:\/\/www.europesays.com\/fr\/wp-json\/wp\/v2\/tags?post=1163964"}],"curies":[{"name":"wp","href":"https:\/\/api.w.org\/{rel}","templated":true}]}}