{"id":1163982,"date":"2026-09-03T00:04:22","date_gmt":"2026-09-03T00:04:22","guid":{"rendered":"https:\/\/www.europesays.com\/fr\/1163982\/"},"modified":"2026-09-03T00:04:22","modified_gmt":"2026-09-03T00:04:22","slug":"la-bourse-de-paris-limite-les-degats-face-a-la-hausse-du-brut-du-gaz-et-des-taux-02-09-2026-a-1926","status":"publish","type":"post","link":"https:\/\/www.europesays.com\/fr\/1163982\/","title":{"rendered":"La Bourse de Paris limite les d\u00e9g\u00e2ts face \u00e0 la hausse du brut, du gaz et des taux &#8211; 02\/09\/2026 \u00e0 19:26"},"content":{"rendered":"<p>        <img decoding=\"async\" src=\"https:\/\/www.europesays.com\/fr\/wp-content\/uploads\/2026\/03\/cabe44e0d83b653933a8f4c0535e16cc-760x392.jpg\" alt=\"La salle de contr\u00f4le d'Euronext, soci\u00e9t\u00e9 qui g\u00e8re la Bourse de Paris ( AFP \/ ERIC PIERMONT )\" loading=\"eager\" fetchpriority=\"high\" width=\"760\" height=\"392\" style=\"max-width: 100%!important; height: auto;\"\/><\/p>\n<p class=\"c-image-news__legend\">La salle de contr\u00f4le d&rsquo;Euronext, soci\u00e9t\u00e9 qui g\u00e8re la Bourse de Paris ( AFP \/ ERIC PIERMONT )<\/p>\n<p>\n La Bourse de Paris a recul\u00e9 de nouveau mercredi, mais sans exc\u00e8s, p\u00e9nalis\u00e9e par la hausse du brut, du gaz et des taux.\n<\/p>\n<p>\n Comme quasiment tous les indices europ\u00e9ens, le CAC 40 a recul\u00e9 (-0,26%) en perdant 21,22 points \u00e0 8.280,63 points, dans la moyenne de l&rsquo;indice europ\u00e9en Stoxx Europe 600 (-0,24%) ou de l&rsquo;indice plus resserr\u00e9 Euro Stoxx 50 (-0,11%).\n<\/p>\n<p>\n La veille, le panier des 40 valeurs parisiennes avait \u00e9galement recul\u00e9 de 0,39% \u00e0 8.301,85 points, s&rsquo;\u00e9loignant pas \u00e0 pas de son record atteint le 10 ao\u00fbt dans l&rsquo;euphorie des r\u00e9sultats du deuxi\u00e8me trimestre (8.726,03 points).\n<\/p>\n<p>\n Le p\u00e9trole a poursuivi sa route vers la barre des 100 dollars avec la reprise des bombardements autour du d\u00e9troit d&rsquo;Ormuz. Vers 19H00, le Brent s&rsquo;\u00e9changeait \u00e0 95,58 dollars (+0,98%) sur la m\u00eame tendance que le WTI am\u00e9ricain (90,96 dollars, +0.82%).\n<\/p>\n<p>\n Les cours flambent \u00e9galement c\u00f4t\u00e9 gaz naturel, la r\u00e9f\u00e9rence europ\u00e9enne ayant d\u00e9pass\u00e9 les 75 euros le m\u00e9gawattheure, une premi\u00e8re depuis janvier 2023, pour terminer \u00e0 73,50 euros en fin de journ\u00e9e.\n<\/p>\n<p>\n Les taux se sont encore envol\u00e9s. Les obligations fran\u00e7aises \u00e0 10 ans affichent d\u00e9sormais un rendement de 4,25% contre 4,21% mardi.\n<\/p>\n<p>\n En trois mois, le \u00ab\u00a010 ans fran\u00e7ais\u00a0\u00bb est pass\u00e9 de 3,60 \u00e0 4,25%, observe Nicolas Forest, responsable de gestion obligataire chez Candriam.\n<\/p>\n<p>\n L&rsquo;analyste redoute une hausse du \u00ab\u00a0spread\u00a0\u00bb (l&rsquo;\u00e9cart) avec l&rsquo;Allemagne, o\u00f9 pour l&rsquo;instant les taux montent au m\u00eame rythme, avec mercredi soir un rendement \u00e0 dix ans de 3,37% contre 3,34% la veille.\n<\/p>\n<p>\n L&rsquo;envol\u00e9e des taux est principalement due \u00e0 \u00ab\u00a0une politique mon\u00e9taire plus restrictive\u00a0\u00bb, \u00ab\u00a0un cycle des affaires plus dynamique\u00a0\u00bb et \u00e0 \u00ab\u00a0une pression sur l&rsquo;\u00e9pargne\u00a0\u00bb avec \u00ab\u00a0des besoins d&rsquo;investissement plus importants\u00a0\u00bb, expliquent ainsi les analystes de Natixis.\n<\/p>\n<p>\n Les agents du march\u00e9 obligataire saluent aussi \u00ab\u00a0les trajectoires fiscales vertueuses\u00a0\u00bb et p\u00e9nalisent les Etats \u00ab\u00a0dont la qualit\u00e9 de la signature se d\u00e9grade \u00e0 mesure que des \u00e9ch\u00e9ances \u00e9lectorales se rapprochent ou que les projets de lois de finance ne refl\u00e8tent pas la probit\u00e9 que le contexte global exige\u00a0\u00bb.\n<\/p>\n<p>\n Dans le d\u00e9tail, STMicroelectronics (semi-conducteurs) a r\u00e9alis\u00e9 la meilleure performance de la journ\u00e9e (+3,34% \u00e0 43,72 euros) en m\u00eame temps que les investisseurs reprenaient \u00e9galement confiance dans les valeurs technologiques \u00e0 Wall Street.\n<\/p>\n<p>\n Hors CAC 40, le sp\u00e9cialiste des mat\u00e9riaux pour les semi-conducteurs Soitec (+1,31% \u00e0 112 euros) a relev\u00e9 son objectif de chiffre d&rsquo;affaires pour le deuxi\u00e8me trimestre apr\u00e8s la cl\u00f4ture de la s\u00e9ance.\n<\/p>\n<p>\n En bas du panier des 40 grandes valeurs fran\u00e7aises, l&rsquo;automobile a pass\u00e9 une mauvaise journ\u00e9e (Renault -4,55% \u00e0 27,69 euros et Stellantis -2,69% \u00e0 4,51 euros)\n<\/p>\n<p>\n <a href=\"https:\/\/www.boursorama.com\/cours\/1rPENX\/\" title=\"EURONEXT\" rel=\"nofollow noopener\" target=\"_blank\"><br \/>\n  Euronext<br \/>\n <\/a><br \/>\n CAC40<\/p>\n","protected":false},"excerpt":{"rendered":"La salle de contr\u00f4le d&rsquo;Euronext, soci\u00e9t\u00e9 qui g\u00e8re la Bourse de Paris ( AFP \/ ERIC PIERMONT )&hellip;\n","protected":false},"author":2,"featured_media":780224,"comment_status":"","ping_status":"","sticky":false,"template":"","format":"standard","meta":{"footnotes":"","_share_on_mastodon":"0"},"categories":[6],"tags":[400,398,408,35,405,33,34,1011,27,403,402,399,404,401,406,407],"class_list":["post-1163982","post","type-post","status-publish","format-standard","has-post-thumbnail","category-economie","tag-action-cac-40","tag-bourse-de-paris","tag-boursorama","tag-business","tag-cotations","tag-economie","tag-economy","tag-fr","tag-france","tag-indices-devises","tag-investir","tag-investissement","tag-marche-boursier","tag-sicav","tag-trackers","tag-warrants"],"share_on_mastodon":{"url":"https:\/\/pubeurope.com\/@fr\/117204188521693502","error":""},"_links":{"self":[{"href":"https:\/\/www.europesays.com\/fr\/wp-json\/wp\/v2\/posts\/1163982","targetHints":{"allow":["GET"]}}],"collection":[{"href":"https:\/\/www.europesays.com\/fr\/wp-json\/wp\/v2\/posts"}],"about":[{"href":"https:\/\/www.europesays.com\/fr\/wp-json\/wp\/v2\/types\/post"}],"author":[{"embeddable":true,"href":"https:\/\/www.europesays.com\/fr\/wp-json\/wp\/v2\/users\/2"}],"replies":[{"embeddable":true,"href":"https:\/\/www.europesays.com\/fr\/wp-json\/wp\/v2\/comments?post=1163982"}],"version-history":[{"count":0,"href":"https:\/\/www.europesays.com\/fr\/wp-json\/wp\/v2\/posts\/1163982\/revisions"}],"wp:featuredmedia":[{"embeddable":true,"href":"https:\/\/www.europesays.com\/fr\/wp-json\/wp\/v2\/media\/780224"}],"wp:attachment":[{"href":"https:\/\/www.europesays.com\/fr\/wp-json\/wp\/v2\/media?parent=1163982"}],"wp:term":[{"taxonomy":"category","embeddable":true,"href":"https:\/\/www.europesays.com\/fr\/wp-json\/wp\/v2\/categories?post=1163982"},{"taxonomy":"post_tag","embeddable":true,"href":"https:\/\/www.europesays.com\/fr\/wp-json\/wp\/v2\/tags?post=1163982"}],"curies":[{"name":"wp","href":"https:\/\/api.w.org\/{rel}","templated":true}]}}