{"id":1163988,"date":"2026-09-03T00:08:13","date_gmt":"2026-09-03T00:08:13","guid":{"rendered":"https:\/\/www.europesays.com\/fr\/1163988\/"},"modified":"2026-09-03T00:08:13","modified_gmt":"2026-09-03T00:08:13","slug":"asse-le-parcage-visiteur-ouvert-aux-stephanois-face-au-mhsc","status":"publish","type":"post","link":"https:\/\/www.europesays.com\/fr\/1163988\/","title":{"rendered":"ASSE : le parcage visiteur ouvert aux st\u00e9phanois face au MHSC"},"content":{"rendered":"<p>Interdits de d\u00e9placement, les supporters montpelli\u00e9rains laissent place aux St\u00e9phanois : le club a obtenu l&rsquo;autorisation de commercialiser le parcage visiteur pour la r\u00e9ception du MHSC, \u00e0 l&rsquo;occasion de la 5e journ\u00e9e de Ligue 2 BKT.<\/p>\n<p>Face \u00e0 la tr\u00e8s forte demande de billets avant ce choc entre le leader st\u00e9phanois et le 3e montpelli\u00e9rain, l&rsquo;ASSE profite de cette interdiction de d\u00e9placement pour offrir des places suppl\u00e9mentaires \u00e0 ses propres supporters. Pour le moment, seule la partie basse de cette zone du Chaudron est mise en vente, mais le club envisage \u00e9galement d&rsquo;ouvrir l&rsquo;\u00e9tage du parcage en fonction de l&rsquo;\u00e9volution de la demande dans les prochains jours.<\/p>\n<p>De quoi laisser pr\u00e9sager un Geoffroy-Guichard plein \u00e0 craquer pour ce sommet de Ligue 2, avec le retour des deux kops st\u00e9phanois pour la premi\u00e8re fois de la saison.<\/p>\n<p>\u00a0<\/p>\n<p>Y. Bouhaddane\u00a0<\/p>\n","protected":false},"excerpt":{"rendered":"Interdits de d\u00e9placement, les supporters montpelli\u00e9rains laissent place aux St\u00e9phanois : le club a obtenu l&rsquo;autorisation de commercialiser&hellip;\n","protected":false},"author":2,"featured_media":1163989,"comment_status":"","ping_status":"","sticky":false,"template":"","format":"standard","meta":{"footnotes":"","_share_on_mastodon":"0"},"categories":[9653],"tags":[1111,11,2430,1777,674,1011,27,12,25,4001],"class_list":["post-1163988","post","type-post","status-publish","format-standard","has-post-thumbnail","category-saint-etienne","tag-actu","tag-actualites","tag-auvergne-rhone-alpes","tag-eu","tag-europe","tag-fr","tag-france","tag-news","tag-republique-francaise","tag-saint-etienne"],"share_on_mastodon":{"url":"https:\/\/pubeurope.com\/@fr\/117204202733310094","error":""},"_links":{"self":[{"href":"https:\/\/www.europesays.com\/fr\/wp-json\/wp\/v2\/posts\/1163988","targetHints":{"allow":["GET"]}}],"collection":[{"href":"https:\/\/www.europesays.com\/fr\/wp-json\/wp\/v2\/posts"}],"about":[{"href":"https:\/\/www.europesays.com\/fr\/wp-json\/wp\/v2\/types\/post"}],"author":[{"embeddable":true,"href":"https:\/\/www.europesays.com\/fr\/wp-json\/wp\/v2\/users\/2"}],"replies":[{"embeddable":true,"href":"https:\/\/www.europesays.com\/fr\/wp-json\/wp\/v2\/comments?post=1163988"}],"version-history":[{"count":0,"href":"https:\/\/www.europesays.com\/fr\/wp-json\/wp\/v2\/posts\/1163988\/revisions"}],"wp:featuredmedia":[{"embeddable":true,"href":"https:\/\/www.europesays.com\/fr\/wp-json\/wp\/v2\/media\/1163989"}],"wp:attachment":[{"href":"https:\/\/www.europesays.com\/fr\/wp-json\/wp\/v2\/media?parent=1163988"}],"wp:term":[{"taxonomy":"category","embeddable":true,"href":"https:\/\/www.europesays.com\/fr\/wp-json\/wp\/v2\/categories?post=1163988"},{"taxonomy":"post_tag","embeddable":true,"href":"https:\/\/www.europesays.com\/fr\/wp-json\/wp\/v2\/tags?post=1163988"}],"curies":[{"name":"wp","href":"https:\/\/api.w.org\/{rel}","templated":true}]}}