{"id":116399,"date":"2025-05-21T08:27:09","date_gmt":"2025-05-21T08:27:09","guid":{"rendered":"https:\/\/www.europesays.com\/fr\/116399\/"},"modified":"2025-05-21T08:27:09","modified_gmt":"2025-05-21T08:27:09","slug":"cet-immeuble-de-51-metres-va-etre-transforme-voici-le-futur-de-la-tour-du-doubs","status":"publish","type":"post","link":"https:\/\/www.europesays.com\/fr\/116399\/","title":{"rendered":"cet immeuble de 51 m\u00e8tres va \u00eatre transform\u00e9, voici le futur de la tour du Doubs"},"content":{"rendered":"<p>            Par<br \/>\n        <strong><br \/>\n            <a href=\"https:\/\/actu.fr\/auteur\/thomas-bernard\" title=\"Consulter tous les articles de Thomas Bernard\" rel=\"nofollow noopener\" target=\"_blank\">Thomas Bernard<\/a><br \/>\n        <\/strong><\/p>\n<p>        Publi\u00e9 le<\/p>\n<p>            21 mai 2025 \u00e0 9h20        <\/p>\n<p>Construite \u00e0 la fin des ann\u00e9es 1960, <strong>la tour du Doubs<\/strong> situ\u00e9e au Lauriers dans le quartier Bellevue, entre Nantes et Saint-Herblain, va s\u2019offrir une seconde jeunesse.<\/p>\n<p class=\" wall-content\">D\u00e9j\u00e0 r\u00e9habilit\u00e9 en 1989, <strong>l\u2019immeuble de 51\u00a0m\u00e8tres<\/strong> va \u00eatre r\u00e9nov\u00e9 dans le cadre du <a href=\"https:\/\/metropole.nantes.fr\/actualites\/2023\/logement-urbanisme\/grand-bellevue-ce-quil-faut-savo\" rel=\"nofollow noopener\" target=\"_blank\">projet urbain du Grand Bellevue<\/a>. Pour rappel, le projet pr\u00e9voit la construction de <strong>900 logements<\/strong> neufs et la r\u00e9habilitation de 1\u2009300 logements.<\/p>\n<p class=\" wall-content\">Plusieurs immeubles seront d\u00e9molis pour la r\u00e9novation du Grand Bellevue,<a href=\"https:\/\/actu.fr\/pays-de-la-loire\/nantes_44109\/dans-le-quartier-bellevue-de-nantes-des-habitants-refusent-la-demolition-de-leur-hlm_60929847.html\" rel=\"nofollow noopener\" target=\"_blank\"> provoquant la col\u00e8re de certains habitants du quartier<\/a>.<\/p>\n<p>Moderniser les lieux de vie<\/p>\n<p class=\" wall-content\">Le b\u00e2timent compos\u00e9 de <strong>15 \u00e9tages<\/strong>, abrite actuellement 103 logements. Les travaux visent \u00e0 moderniser l\u2019ensemble de l\u2019\u00e9difice.<\/p>\n<p class=\" wall-content\">Le projet pr\u00e9voit une restructuration des lieux, <strong>la tour accueillera 95 logements<\/strong>, allant <strong>du T1 au T5<\/strong>. 20 logements adapt\u00e9s seront \u00e9galement cr\u00e9\u00e9s pour r\u00e9pondre aux besoins des personnes \u00e2g\u00e9es ou en situation de handicap.<\/p>\n<p>Vid\u00e9os : en ce moment sur Actu<\/p>\n<p class=\" wall-content\">Au pied de <a href=\"https:\/\/actu.fr\/pays-de-la-loire\/nantes_44109\/nantes-le-graffeur-roumain-kero-zen-realise-une-fresque-gigantesque-a-bellevue_43909299.html\" rel=\"nofollow noopener\" target=\"_blank\">la tour du Doubs<\/a>, des espaces seront am\u00e9nag\u00e9s pour promouvoir l\u2019\u00e9conomie sociale et solidaire.<\/p>\n<p>Un chantier \u00e0 14\u00a0millions d\u2019euros<\/p>\n<p class=\" wall-content\">Le projet du Grand Bellevue est port\u00e9 Nantes M\u00e9tropole, les Villes de Nantes et de Saint-Herblain et financ\u00e9 par l\u2019Agence Nationale de Renouvellement Urbain (ANRU). Une enveloppe d\u2019investissement de<strong> 350\u00a0millions d\u2019euros d\u2019investissement est allou\u00e9e \u00e0 l\u2019ensemble du projet<\/strong>.<\/p>\n<p>    <img   decoding=\"async\" loading=\"lazy\" src=\"https:\/\/www.europesays.com\/fr\/wp-content\/uploads\/2025\/05\/perspective-tour-du-doubs-credit-nomade-architectes-960x640.jpg\" alt=\"La futur tour du Doubs accueillera 95 logements.\" width=\"960\" height=\"640\"\/><br \/>\n    La future tour du Doubs accueillera 95 logements. (\u00a9 Nomade Architectes)<\/p>\n<p class=\" wall-content\">\u00ab\u2009Je suis tr\u00e8s satisfait du travail que nous menons sur la r\u00e9novation de la Tour du Doubs. C\u2019est un projet dans lequel nous investissons<strong> 14\u00a0millions euros pour le confort des locataires et pour la qualit\u00e9 urbaine du quartier Bellevue\u2009\u00bb<\/strong>, indique par communiqu\u00e9, Thomas Qu\u00e9ro, pr\u00e9sident de Nantes M\u00e9tropole Habitat et adjoint \u00e0 la Maire de Nantes.<\/p>\n<p class=\" wall-content\">Le chantier de r\u00e9habilitation de la tour doit d\u00e9buter en <strong>octobre\u00a02025<\/strong> pour une livraison pr\u00e9vue <strong>en 2027<\/strong>. <strong>Les travaux s\u2019\u00e9tendront sur plus de deux ans<\/strong>. Un am\u00e9nagement pilot\u00e9 par Nantes M\u00e9tropole Habitat, en collaboration avec l\u2019agence Nomade Architectes pour la conception, et Bouygues B\u00e2timent Grand Ouest pour la r\u00e9alisation des travaux.<\/p>\n<p class=\" wall-content\">Suivez toute l\u2019actualit\u00e9 de vos villes et m\u00e9dias favoris en vous inscrivant \u00e0 <a href=\"https:\/\/moncompte.actu.fr\" title=\"D\u00e9couvez Mon Actu\" rel=\"nofollow noopener\" data-trk=\"{&quot;cta&quot;:{&quot;action&quot;:&quot;https:\\\/\\\/moncompte.actu.fr&quot;,&quot;category&quot;:&quot;mon compte&quot;,&quot;from&quot;:&quot;article footer&quot;,&quot;name&quot;:&quot;Mon actu&quot;,&quot;type&quot;:&quot;cta&quot;}}\" target=\"_blank\">Mon Actu<\/a>.<\/p>\n","protected":false},"excerpt":{"rendered":"Par Thomas Bernard Publi\u00e9 le 21 mai 2025 \u00e0 9h20 Construite \u00e0 la fin des ann\u00e9es 1960, la&hellip;\n","protected":false},"author":2,"featured_media":116400,"comment_status":"","ping_status":"","sticky":false,"template":"","format":"standard","meta":{"footnotes":""},"categories":[2818],"tags":[1111,11,1777,674,1011,27,1908,766,12,2636,25,104,1352],"class_list":{"0":"post-116399","1":"post","2":"type-post","3":"status-publish","4":"format-standard","5":"has-post-thumbnail","7":"category-nantes","8":"tag-actu","9":"tag-actualites","10":"tag-eu","11":"tag-europe","12":"tag-fr","13":"tag-france","14":"tag-logement","15":"tag-nantes","16":"tag-news","17":"tag-pays-de-la-loire","18":"tag-republique-francaise","19":"tag-societe","20":"tag-urbanisme"},"share_on_mastodon":{"url":"https:\/\/pubeurope.com\/@fr\/114544878973701152","error":""},"_links":{"self":[{"href":"https:\/\/www.europesays.com\/fr\/wp-json\/wp\/v2\/posts\/116399","targetHints":{"allow":["GET"]}}],"collection":[{"href":"https:\/\/www.europesays.com\/fr\/wp-json\/wp\/v2\/posts"}],"about":[{"href":"https:\/\/www.europesays.com\/fr\/wp-json\/wp\/v2\/types\/post"}],"author":[{"embeddable":true,"href":"https:\/\/www.europesays.com\/fr\/wp-json\/wp\/v2\/users\/2"}],"replies":[{"embeddable":true,"href":"https:\/\/www.europesays.com\/fr\/wp-json\/wp\/v2\/comments?post=116399"}],"version-history":[{"count":0,"href":"https:\/\/www.europesays.com\/fr\/wp-json\/wp\/v2\/posts\/116399\/revisions"}],"wp:featuredmedia":[{"embeddable":true,"href":"https:\/\/www.europesays.com\/fr\/wp-json\/wp\/v2\/media\/116400"}],"wp:attachment":[{"href":"https:\/\/www.europesays.com\/fr\/wp-json\/wp\/v2\/media?parent=116399"}],"wp:term":[{"taxonomy":"category","embeddable":true,"href":"https:\/\/www.europesays.com\/fr\/wp-json\/wp\/v2\/categories?post=116399"},{"taxonomy":"post_tag","embeddable":true,"href":"https:\/\/www.europesays.com\/fr\/wp-json\/wp\/v2\/tags?post=116399"}],"curies":[{"name":"wp","href":"https:\/\/api.w.org\/{rel}","templated":true}]}}