{"id":1163990,"date":"2026-09-03T00:09:17","date_gmt":"2026-09-03T00:09:17","guid":{"rendered":"https:\/\/www.europesays.com\/fr\/1163990\/"},"modified":"2026-09-03T00:09:17","modified_gmt":"2026-09-03T00:09:17","slug":"trois-recits-en-lice-pour-le-prix-litteraire-curieux-voyageurs-2027-if-saint-etienne","status":"publish","type":"post","link":"https:\/\/www.europesays.com\/fr\/1163990\/","title":{"rendered":"Trois r\u00e9cits en lice pour le Prix litt\u00e9raire Curieux Voyageurs 2027 | IF Saint-Etienne"},"content":{"rendered":"<p>Pour la 17\u00e8me ann\u00e9e cons\u00e9cutive, et dans le cadre de son festival, l\u2019association <a href=\"https:\/\/www.if-saint-etienne.fr\/breves\/curieux-voyageurs-lance-son-prix-litteraire-2024\" rel=\"nofollow noopener\" target=\"_blank\">Curieux Voyageurs<\/a> relance son Prix litt\u00e9raire et d\u00e9voile sa s\u00e9lection 2027, compos\u00e9e de trois r\u00e9cits d\u2019\u00e9vasion.<\/p>\n<p>Le laur\u00e9at d\u00e9sign\u00e9 par le public<\/p>\n<p>Au programme cette ann\u00e9e : un tour du monde en voilier avec \u00ab Va voir l\u00e0-bas si tu existes \u00bb de Jac-Yves Le Chat (\u00e9ditions Gl\u00e9nat), une travers\u00e9e de l\u2019Europe \u00e0 v\u00e9lo \u00e0 travers dix pays avec \u00ab M\u00e9fie-toi de tes r\u00eaves\u2026 car, parfois, ils se r\u00e9alisent \u00bb de Bekir Aysan (\u00e9ditions M\u00e9diapop), et un p\u00e9riple \u00e0 pied en Asie centrale sur les traces des explorateurs d\u2019antan avec \u00ab Fils du vent \u00bb de J\u00e9r\u00e9my Big\u00e9 (\u00e9ditions Gl\u00e9nat). Trois ouvrages qui m\u00ealent d\u00e9couvertes, rencontres et humour. D\u00e8s la rentr\u00e9e, les trois livres seront mis \u00e0 disposition des lecteurs dans plus de 50 m\u00e9diath\u00e8ques de la Loire et de la Haute-Loire. Ils seront \u00e9galement en vente \u00e0 la Librairie de Paris, partenaire historique du Prix litt\u00e9raire Curieux Voyageurs. Des rencontres avec les trois auteurs seront \u00e9galement propos\u00e9es dans les m\u00e9diath\u00e8ques participantes au cours du premier trimestre 2027.<\/p>\n<p>Comme chaque ann\u00e9e, ce sont les lecteurs eux-m\u00eames qui d\u00e9signeront le laur\u00e9at de l&rsquo;\u00e9dition 2027. Jusqu&rsquo;au 6 mars, chacun pourra donner son avis sur le ou les ouvrages lus gr\u00e2ce \u00e0 un bulletin de participation d\u00e9di\u00e9. Les votants seront ensuite convi\u00e9s \u00e0 la c\u00e9r\u00e9monie de remise du Prix, suivie d\u2019une projection, \u00e0 l\u2019occasion du festival <a href=\"https:\/\/www.curieuxvoyageurs.com\/\" target=\"_blank\" rel=\"noopener nofollow\">Curieux Voyageurs<\/a> les 19, 20 et 21 mars, au Centre de Congr\u00e8s de Saint-\u00c9tienne.<\/p>\n","protected":false},"excerpt":{"rendered":"Pour la 17\u00e8me ann\u00e9e cons\u00e9cutive, et dans le cadre de son festival, l\u2019association Curieux Voyageurs relance son Prix&hellip;\n","protected":false},"author":2,"featured_media":834605,"comment_status":"","ping_status":"","sticky":false,"template":"","format":"standard","meta":{"footnotes":"","_share_on_mastodon":"0"},"categories":[9653],"tags":[1111,11,2430,1777,674,1011,27,12,25,4001],"class_list":["post-1163990","post","type-post","status-publish","format-standard","has-post-thumbnail","category-saint-etienne","tag-actu","tag-actualites","tag-auvergne-rhone-alpes","tag-eu","tag-europe","tag-fr","tag-france","tag-news","tag-republique-francaise","tag-saint-etienne"],"share_on_mastodon":{"url":"https:\/\/pubeurope.com\/@fr\/117204206646275440","error":""},"_links":{"self":[{"href":"https:\/\/www.europesays.com\/fr\/wp-json\/wp\/v2\/posts\/1163990","targetHints":{"allow":["GET"]}}],"collection":[{"href":"https:\/\/www.europesays.com\/fr\/wp-json\/wp\/v2\/posts"}],"about":[{"href":"https:\/\/www.europesays.com\/fr\/wp-json\/wp\/v2\/types\/post"}],"author":[{"embeddable":true,"href":"https:\/\/www.europesays.com\/fr\/wp-json\/wp\/v2\/users\/2"}],"replies":[{"embeddable":true,"href":"https:\/\/www.europesays.com\/fr\/wp-json\/wp\/v2\/comments?post=1163990"}],"version-history":[{"count":0,"href":"https:\/\/www.europesays.com\/fr\/wp-json\/wp\/v2\/posts\/1163990\/revisions"}],"wp:featuredmedia":[{"embeddable":true,"href":"https:\/\/www.europesays.com\/fr\/wp-json\/wp\/v2\/media\/834605"}],"wp:attachment":[{"href":"https:\/\/www.europesays.com\/fr\/wp-json\/wp\/v2\/media?parent=1163990"}],"wp:term":[{"taxonomy":"category","embeddable":true,"href":"https:\/\/www.europesays.com\/fr\/wp-json\/wp\/v2\/categories?post=1163990"},{"taxonomy":"post_tag","embeddable":true,"href":"https:\/\/www.europesays.com\/fr\/wp-json\/wp\/v2\/tags?post=1163990"}],"curies":[{"name":"wp","href":"https:\/\/api.w.org\/{rel}","templated":true}]}}