{"id":1164006,"date":"2026-09-03T00:25:19","date_gmt":"2026-09-03T00:25:19","guid":{"rendered":"https:\/\/www.europesays.com\/fr\/1164006\/"},"modified":"2026-09-03T00:25:19","modified_gmt":"2026-09-03T00:25:19","slug":"universite-grenoble-alpes-le-parcours-du-combattant-des-etudiants-etrangers","status":"publish","type":"post","link":"https:\/\/www.europesays.com\/fr\/1164006\/","title":{"rendered":"Universit\u00e9 Grenoble Alpes. Le parcours du combattant des \u00e9tudiants \u00e9trangers"},"content":{"rendered":"<p class=\"text-secondary\">Par Manuel Pavard<\/p>\n<p class=\"text-primarylight\">\/<\/p>\n<p>3 septembre 2026\t\t<\/p>\n<p class=\"mt-10 text-secondary text-[17px]\">Suppression des APL, application \u2013\u00a0apr\u00e8s la volte-face de la pr\u00e9sidence\u00a0\u2013 des frais d\u2019inscription diff\u00e9renci\u00e9s&#8230; \u00c0 l\u2019Universit\u00e9 Grenoble Alpes, comme un peu partout en France, la rentr\u00e9e s\u2019annon\u00e7ait d\u00e9licate pour les \u00e9tudiants extra-europ\u00e9ens, cibles de mesures antisociales. Un galop d\u2019essai avant la g\u00e9n\u00e9ralisation \u00e0 l\u2019ensemble des \u00e9tudiants\u00a0? C\u2019est ce que craignent les syndicats.<\/p>\n<p><img loading=\"lazy\" width=\"800\" height=\"533\" src=\"https:\/\/www.europesays.com\/fr\/wp-content\/uploads\/2026\/05\/Greve-UGA-etudiant-africain-2.jpg\" class=\"h-fit wp-post-image\" alt=\"Image principale\" decoding=\"async\"  \/><\/p>\n<p>Emmanuel Omonlogo, pr\u00e9sident du Collectif d\u2019associations africaines et \u00e9tudiantes de l\u2019Is\u00e8re (CAAEI), prend la parole au rassemblement contre la hausse des frais d&rsquo;inscription pour les \u00e9tudiants extra-communautaires, le 12 mai 2026, devant la pr\u00e9sidence de l&rsquo;UGA.<\/p>\n<p>L\u2019i\u00adro\u00adnie de la situa\u00adtion n\u2019a pas \u00e9chap\u00adp\u00e9 aux prin\u00adci\u00adpaux concer\u00adn\u00e9s. Offi\u00adciel\u00adle\u00adment, \u00ab\u00a0Bien\u00adve\u00adnue en France\u00a0\u00bb est une stra\u00adt\u00e9\u00adgie gou\u00adver\u00adne\u00admen\u00adtale lan\u00adc\u00e9e en 2018 pour atti\u00adrer 500\u2009000 \u00e9tu\u00addiants inter\u00adna\u00adtio\u00adnaux d\u2019ici 2027. Mais dans les faits, ce plan bien mal-nom\u00ad\u00ad\u00adm\u00e9 risque au contraire de \u00ab\u00a0fer\u00admer les portes de l\u2019enseignement sup\u00e9\u00adrieur public \u00e0 des mil\u00adliers de jeunes\u00a0\u00bb, fus\u00adtige Ala\u00adra, \u00e9tu\u00addiante [\u2026]<\/p>\n<p>\t\tAvant de partir<\/p>\n<p class=\"text-md md:text-lg font-bold\">Votre soutien compte pour nous<\/p>\n<p class=\"text-md md:text-lg font-normal\">Le Travailleur alpin vit depuis 1928 gr\u00e2ce \u00e0 l\u2019engagement de ses lecteurs. Aujourd\u2019hui encore, ce m\u00e9dia propose un autre regard sur vos espoirs, vos luttes, vos aspirations. Une voix unique dans la presse d\u2019information d\u00e9partementale.<\/p>\n<p class=\"text-md md:text-lg font-normal\">Pour prot\u00e9ger l\u2019ind\u00e9pendance du Travailleur alpin, assurer son d\u00e9veloppement, vos dons nous sont pr\u00e9cieux \u2013 nous assurons leur traitement en partenariat avec <strong>la fondation l\u2019Humanit\u00e9 en partage<\/strong>.<\/p>\n<p class=\"text-md md:text-lg font-normal\">Merci d\u2019avance.<\/p>\n<p>\t\t<a href=\"https:\/\/travailleur-alpin.fr\/faire-un-don-au-travailleur-alpin\" class=\"flex items-center rounded lg:py-3 lg:px-5 group w-fit bg-tertiary p-[10px]\" rel=\"nofollow noopener\" target=\"_blank\"><\/p>\n<p class=\"md:text-lg text-primary text-md\">Faire un don d\u00e9fiscalis\u00e9 maintenant<\/p>\n<p>\t\t<\/a><\/p>\n","protected":false},"excerpt":{"rendered":"Par Manuel Pavard \/ 3 septembre 2026 Suppression des APL, application \u2013\u00a0apr\u00e8s la volte-face de la pr\u00e9sidence\u00a0\u2013 des&hellip;\n","protected":false},"author":2,"featured_media":1164007,"comment_status":"","ping_status":"","sticky":false,"template":"","format":"standard","meta":{"footnotes":"","_share_on_mastodon":"0"},"categories":[9566],"tags":[1111,11,2430,87047,6379,1777,674,1011,27,2731,12,25,110869,49565,5768],"class_list":["post-1164006","post","type-post","status-publish","format-standard","has-post-thumbnail","category-grenoble","tag-actu","tag-actualites","tag-auvergne-rhone-alpes","tag-doctorants","tag-etudiants","tag-eu","tag-europe","tag-fr","tag-france","tag-grenoble","tag-news","tag-republique-francaise","tag-sans-facs","tag-unef","tag-universite"],"share_on_mastodon":{"url":"https:\/\/pubeurope.com\/@fr\/117204271250793586","error":""},"_links":{"self":[{"href":"https:\/\/www.europesays.com\/fr\/wp-json\/wp\/v2\/posts\/1164006","targetHints":{"allow":["GET"]}}],"collection":[{"href":"https:\/\/www.europesays.com\/fr\/wp-json\/wp\/v2\/posts"}],"about":[{"href":"https:\/\/www.europesays.com\/fr\/wp-json\/wp\/v2\/types\/post"}],"author":[{"embeddable":true,"href":"https:\/\/www.europesays.com\/fr\/wp-json\/wp\/v2\/users\/2"}],"replies":[{"embeddable":true,"href":"https:\/\/www.europesays.com\/fr\/wp-json\/wp\/v2\/comments?post=1164006"}],"version-history":[{"count":0,"href":"https:\/\/www.europesays.com\/fr\/wp-json\/wp\/v2\/posts\/1164006\/revisions"}],"wp:featuredmedia":[{"embeddable":true,"href":"https:\/\/www.europesays.com\/fr\/wp-json\/wp\/v2\/media\/1164007"}],"wp:attachment":[{"href":"https:\/\/www.europesays.com\/fr\/wp-json\/wp\/v2\/media?parent=1164006"}],"wp:term":[{"taxonomy":"category","embeddable":true,"href":"https:\/\/www.europesays.com\/fr\/wp-json\/wp\/v2\/categories?post=1164006"},{"taxonomy":"post_tag","embeddable":true,"href":"https:\/\/www.europesays.com\/fr\/wp-json\/wp\/v2\/tags?post=1164006"}],"curies":[{"name":"wp","href":"https:\/\/api.w.org\/{rel}","templated":true}]}}