{"id":1164020,"date":"2026-09-03T00:35:13","date_gmt":"2026-09-03T00:35:13","guid":{"rendered":"https:\/\/www.europesays.com\/fr\/1164020\/"},"modified":"2026-09-03T00:35:13","modified_gmt":"2026-09-03T00:35:13","slug":"une-reponse-collective-linstallation-illicite-des-caravanes-pres-dun-terrain-sportif-au-sud-de-nantes-evacuee","status":"publish","type":"post","link":"https:\/\/www.europesays.com\/fr\/1164020\/","title":{"rendered":"\u00ab\u00a0Une r\u00e9ponse collective\u00a0\u00bb\u00a0: l\u2019installation illicite des caravanes pr\u00e8s d\u2019un terrain sportif, au sud de Nantes, \u00e9vacu\u00e9e"},"content":{"rendered":"<p>\n                Article premium,<br \/>\n                    R\u00e9serv\u00e9 aux\u00a0abonn\u00e9s\n            <\/p>\n<p class=\"su-standfirst chapeau\">La trentaine de caravanes de gens du voyage arriv\u00e9e il y a une semaine, au patinodrome de la Garennerie, aux Sorini\u00e8res\u00a0(Loire-Atlantique) a \u00e9t\u00e9 \u00e9vacu\u00e9e ce mercredi 2\u00a0septembre dans l\u2019apr\u00e8s-midi, annonce la pr\u00e9fecture. \u00c0 la satisfaction du maire qui rappelle que \u00ab\u00a0chacun doit assumer ses responsabilit\u00e9s\u00a0\u00bb.<\/p>\n<p>                                        <img decoding=\"async\" class=\"su-media\" src=\"https:\/\/media.ouest-france.fr\/v1\/pictures\/MjAyNjA5NzM2YWNhOTE1OTZhOTkzZjA4MWYwYzEwYmYzNDAzN2U?width=630&amp;height=354&amp;focuspoint=50%2C25&amp;cropresize=1&amp;client_id=bpeditorial&amp;sign=20eaeff68176c9dfae5450be39a6bb78a90348582b97a4a28ad7f3c787fb62ec\" alt=\"Une trentaine de caravanes s\u2019\u00e9taient install\u00e9es, dimanche 23\u00a0ao\u00fbt, sur le terrain du patinodrome de la Garennerie, aux Sorini\u00e8res\u00a0(Loire-Atlantique).\"  \/><\/p>\n<p>                            Une trentaine de caravanes s\u2019\u00e9taient install\u00e9es, dimanche 23\u00a0ao\u00fbt, sur le terrain du patinodrome de la Garennerie, aux Sorini\u00e8res\u00a0(Loire-Atlantique). | OUEST-FRANCE<\/p>\n<p>                            fermer<\/p>\n<ul class=\"su-row su-carrousel-container su-not-list\" data-suswipe=\"{\" rambo=\"\" .carrousel-nav-bas=\"\" .item=\"\">\n<li class=\"su-col-xs-6 su-col-md-24 carrousel-contenu su-carrousel-item\" data-ofvwidth=\"{\" mobileonly=\"\"><img decoding=\"async\" data-ofmaxheight=\"\" class=\"su-media lazyload\" alt=\"Une trentaine de caravanes s\u2019\u00e9taient install\u00e9es, dimanche 23\u00a0ao\u00fbt, sur le terrain du patinodrome de la Garennerie, aux Sorini\u00e8res\u00a0(Loire-Atlantique).\" src=\"data:image\/png;base64,iVBORw0KGgoAAAANSUhEUgAAABAAAAAJCAYAAAA7KqwyAAAAGXRFWHRTb2Z0d2FyZQBBZG9iZSBJbWFnZVJlYWR5ccllPAAAABhJREFUeNpi\/P\/\/PwMlgHHUgFEDgAAgwAD+lBrvy+NcxAAAAABJRU5ErkJggg==\" data-oflazyload=\"{&quot;srcset&quot;:&quot;https:\/\/media.ouest-france.fr\/v1\/pictures\/MjAyNjA5NzM2YWNhOTE1OTZhOTkzZjA4MWYwYzEwYmYzNDAzN2U?width=320&amp;focuspoint=50%2C25&amp;cropresize=1&amp;client_id=bpeditorial&amp;sign=f62439291f4f294bc1729caa8ba5c318a096d4d2727370b2b54661dd3f36949a 320w,https:\/\/media.ouest-france.fr\/v1\/pictures\/MjAyNjA5NzM2YWNhOTE1OTZhOTkzZjA4MWYwYzEwYmYzNDAzN2U?width=375&amp;focuspoint=50%2C25&amp;cropresize=1&amp;client_id=bpeditorial&amp;sign=914b540739cbb035bc275c75fc6d2da12234d0a4e684d6261a00b79cae44f3bc 360w,https:\/\/media.ouest-france.fr\/v1\/pictures\/MjAyNjA5NzM2YWNhOTE1OTZhOTkzZjA4MWYwYzEwYmYzNDAzN2U?width=480&amp;focuspoint=50%2C25&amp;cropresize=1&amp;client_id=bpeditorial&amp;sign=75d630a0b53da0b80cd1fa68282f5bc4d57fcdcf673da496fdd08ec3a4433990 480w,https:\/\/media.ouest-france.fr\/v1\/pictures\/MjAyNjA5NzM2YWNhOTE1OTZhOTkzZjA4MWYwYzEwYmYzNDAzN2U?width=630&amp;focuspoint=50%2C25&amp;cropresize=1&amp;client_id=bpeditorial&amp;sign=6ae0b5d1dc6fd5ea30d63984700e027d5a180e53dd08fc2eb878ce8cde8c93f0 630w,https:\/\/media.ouest-france.fr\/v1\/pictures\/MjAyNjA5NzM2YWNhOTE1OTZhOTkzZjA4MWYwYzEwYmYzNDAzN2U?width=940&amp;focuspoint=50%2C25&amp;cropresize=1&amp;client_id=bpeditorial&amp;sign=ba01a5fc3b2119ea5cd8909c8db0c93a6547702038678d96348f7ff2d9cad19b 940w,https:\/\/media.ouest-france.fr\/v1\/pictures\/MjAyNjA5NzM2YWNhOTE1OTZhOTkzZjA4MWYwYzEwYmYzNDAzN2U?width=1260&amp;focuspoint=50%2C25&amp;cropresize=1&amp;client_id=bpeditorial&amp;sign=af4e7a4af485635ed8f24235436789d50635f41f2afa99e4e54bad8433ae8f11 1260w&quot;}\"\/>Une trentaine de caravanes s\u2019\u00e9taient install\u00e9es, dimanche 23\u00a0ao\u00fbt, sur le terrain du patinodrome de la Garennerie, aux Sorini\u00e8res\u00a0(Loire-Atlantique). | OUEST-FRANCE<\/li>\n<\/ul>\n<p data-ofstats-scroll=\"read_depth_20\">Ils n\u2019y seront rest\u00e9s que quelques jours. Arriv\u00e9s dimanche 23\u00a0ao\u00fbt <a href=\"https:\/\/www.ouest-france.fr\/pays-de-la-loire\/les-sorinieres-44840\/une-trentaine-de-caravanes-de-gens-du-voyage-sinstalle-sur-un-terrain-sportif-pres-de-nantes-cbd148de-9f08-11f1-a8ad-3219df531147\" target=\"_self\" rel=\"nofollow noopener\">avec une trentaine de caravanes<\/a> sur le terrain du patinodrome de la Garennerie, aux Sorini\u00e8res\u00a0(Loire-Atlantique), des gens du voyage ont \u00e9t\u00e9 \u00e9vacu\u00e9s manu militari, ce mercredi 2\u00a0septembre, par les forces de s\u00e9curit\u00e9 int\u00e9rieures.<\/p>\n<p>Dans un communiqu\u00e9, la pr\u00e9fecture retrace l\u2019op\u00e9ration. L\u2019\u00e9vacuation forc\u00e9e est intervenue cet apr\u00e8s-midi, avec la mobilisation de la gendarmerie, de la police municipale et l\u2019\u00e9ventualit\u00e9 du recours \u00e0 des moyens de levage&#8230;<\/p>\n<p style=\"text-align: center; background-color: #dbbe4d; padding-top: 5px; padding-bottom: 5px; font-size: 14px;\"><strong>D\u00e9j\u00e0 abonn\u00e9 ? <\/strong><a data-trkartmonet=\"Identification\" data-trk-sipa=\"{\" blockcategory=\"\" paywall=\"\" href=\"http:\/\/www.ouest-france.fr\/login?redirect=https:\/\/www.ouest-france.fr\/societe\/logement\/une-reponse-collective-linstallation-illicite-des-caravanes-pres-dun-terrain-sportif-au-sud-de-nantes-evacuee-2d9fd47a-a6f4-11f1-95a1-d7cb1b3759ac\" rel=\"nofollow noopener\" title=\"Se connecter \u00e0 Ouest-France\" class=\"su-link-light\" target=\"_blank\">Connectez-vous<\/a><\/p>\n<p style=\"text-align: center; padding-top: 15px; padding-bottom: 8px; vertical-align: bottom;\">bloqu\u00e9<strong> Pour lire la suite, abonnez-vous<\/strong><\/p>\n<p style=\"text-align: center;\"><strong>1er mois \u00e0 1\u20ac<\/strong><\/p>\n<p style=\"text-align: center; margin-top: -5px;\">Annulable \u00e0 tout moment<\/p>\n<p style=\"text-align: center;\">\u00a0<\/p>\n<p style=\"text-align: center;\"><a data-ida=\"\" data-trkartmonet=\"Tunnel OF+\" data-trk-sipa=\"{&#010;\" blockcategory=\"\" paywall=\"\" :=\"\" m=\"\" of=\"\" class=\"su-button su-subscription\" data-trk-bloc=\"paywall\" href=\"https:\/\/abonnement.ouest-france.fr\/tunnel\/pack-essentiel-article\/122096117101?int_medium=lien&amp;int_campaign=PWFR0225-OF&amp;int_content=page-article-payant_boutonjaune-paywall&amp;marquesource=OF&amp;rt=https:\/\/www.ouest-france.fr\/societe\/logement\/une-reponse-collective-linstallation-illicite-des-caravanes-pres-dun-terrain-sportif-au-sud-de-nantes-evacuee-2d9fd47a-a6f4-11f1-95a1-d7cb1b3759ac\" rel=\"nofollow noopener\" target=\"_blank\"><strong>Je m&rsquo;abonne<\/strong><\/a><\/p>\n<p style=\"text-align: center; padding-top: 10px; padding-bottom: 10px;\"><img decoding=\"async\" src=\"https:\/\/media.ouest-france.fr\/v1\/fonts\/be7723fcee3f1866f1ce99184077fc6f-carte-bancaire.svg?height=36\" alt=\"CB\"\/>\u00a0\u00a0<img decoding=\"async\" src=\"https:\/\/media.ouest-france.fr\/v1\/fonts\/1819d54c599d8afa64539cfba4ac9dde-rib.svg?height=36\" alt=\"RIB\"\/>\u00a0\u00a0<img decoding=\"async\" src=\"https:\/\/media.ouest-france.fr\/v1\/fonts\/065fc80d7b6a03d14a834c224ce723e1-paypal.svg?height=36\" alt=\"PAYPAL\"\/><\/p>\n","protected":false},"excerpt":{"rendered":"Article premium, R\u00e9serv\u00e9 aux\u00a0abonn\u00e9s La trentaine de caravanes de gens du voyage arriv\u00e9e il y a une semaine,&hellip;\n","protected":false},"author":2,"featured_media":1164021,"comment_status":"","ping_status":"","sticky":false,"template":"","format":"standard","meta":{"footnotes":"","_share_on_mastodon":"0"},"categories":[2818],"tags":[1111,11,1777,674,1011,27,61591,1908,766,12,2636,25],"class_list":["post-1164020","post","type-post","status-publish","format-standard","has-post-thumbnail","category-nantes","tag-actu","tag-actualites","tag-eu","tag-europe","tag-fr","tag-france","tag-les-sorinieres","tag-logement","tag-nantes","tag-news","tag-pays-de-la-loire","tag-republique-francaise"],"share_on_mastodon":{"url":"https:\/\/pubeurope.com\/@fr\/117204310555650631","error":""},"_links":{"self":[{"href":"https:\/\/www.europesays.com\/fr\/wp-json\/wp\/v2\/posts\/1164020","targetHints":{"allow":["GET"]}}],"collection":[{"href":"https:\/\/www.europesays.com\/fr\/wp-json\/wp\/v2\/posts"}],"about":[{"href":"https:\/\/www.europesays.com\/fr\/wp-json\/wp\/v2\/types\/post"}],"author":[{"embeddable":true,"href":"https:\/\/www.europesays.com\/fr\/wp-json\/wp\/v2\/users\/2"}],"replies":[{"embeddable":true,"href":"https:\/\/www.europesays.com\/fr\/wp-json\/wp\/v2\/comments?post=1164020"}],"version-history":[{"count":0,"href":"https:\/\/www.europesays.com\/fr\/wp-json\/wp\/v2\/posts\/1164020\/revisions"}],"wp:featuredmedia":[{"embeddable":true,"href":"https:\/\/www.europesays.com\/fr\/wp-json\/wp\/v2\/media\/1164021"}],"wp:attachment":[{"href":"https:\/\/www.europesays.com\/fr\/wp-json\/wp\/v2\/media?parent=1164020"}],"wp:term":[{"taxonomy":"category","embeddable":true,"href":"https:\/\/www.europesays.com\/fr\/wp-json\/wp\/v2\/categories?post=1164020"},{"taxonomy":"post_tag","embeddable":true,"href":"https:\/\/www.europesays.com\/fr\/wp-json\/wp\/v2\/tags?post=1164020"}],"curies":[{"name":"wp","href":"https:\/\/api.w.org\/{rel}","templated":true}]}}