{"id":1164022,"date":"2026-09-03T00:36:16","date_gmt":"2026-09-03T00:36:16","guid":{"rendered":"https:\/\/www.europesays.com\/fr\/1164022\/"},"modified":"2026-09-03T00:36:16","modified_gmt":"2026-09-03T00:36:16","slug":"meteo-nantes-previsions-du-jeudi-3-septembre-2026","status":"publish","type":"post","link":"https:\/\/www.europesays.com\/fr\/1164022\/","title":{"rendered":"M\u00e9t\u00e9o Nantes : pr\u00e9visions du jeudi 3 septembre 2026"},"content":{"rendered":"<p>Aujourd&rsquo;hui, le mercure affichera 21\u00b0C en moyenne \u00e0 Nantes. Il devrait y avoir un risque de brouillard dans la matin\u00e9e. On anticipe des temp\u00e9ratures d&rsquo;environ 20\u00b0C. Un l\u00e9ger vent de sud-ouest sera ressenti par les habitants. Le soleil sera au rendez-vous : un magnifique apr\u00e8s-midi se profile ! Un temps plus chaud est pr\u00e9vu puisque les temp\u00e9ratures vont conna\u00eetre une augmentation. Les maximales iront jusqu&rsquo;\u00e0 26\u00b0C alors que les minimales seront de 25\u00b0C. Pour les passionn\u00e9s d&rsquo;astronomie, sachez que la nuit sera brumeuse.<\/p>\n<p>C&rsquo;est un soleil \u00e9clatant qui va briller demain sur Nantes. C&rsquo;est une hausse de quelques degr\u00e9s que vont enregistrer les temp\u00e9ratures. Il fera 23\u00b0C en moyenne. Un vent d&rsquo;ouest rafra\u00eechira quelque peu l&rsquo;atmosph\u00e8re. Dans la matin\u00e9e, le brouillard sera assez pr\u00e9sent. Il va faire en moyenne 21\u00b0C. D&rsquo;un autre c\u00f4t\u00e9, les temp\u00e9ratures vont monter pendant l&rsquo;apr\u00e8s-midi de plusieurs degr\u00e9s. Les valeurs seront de 27\u00b0C au minimum et de 28\u00b0C au maximum.<\/p>\n<p>Les conditions m\u00e9t\u00e9orologiques des jours qui suivent vont \u00e9voluer peu \u00e0 peu. Apr\u00e8s des conditions m\u00e9t\u00e9orologiques similaires samedi, la situation changera dimanche.<\/p>\n<p><\/p>\n","protected":false},"excerpt":{"rendered":"Aujourd&rsquo;hui, le mercure affichera 21\u00b0C en moyenne \u00e0 Nantes. Il devrait y avoir un risque de brouillard dans&hellip;\n","protected":false},"author":2,"featured_media":1164023,"comment_status":"","ping_status":"","sticky":false,"template":"","format":"standard","meta":{"footnotes":"","_share_on_mastodon":"0"},"categories":[2818],"tags":[1111,11,1777,674,1011,27,766,12,2636,2119,25],"class_list":["post-1164022","post","type-post","status-publish","format-standard","has-post-thumbnail","category-nantes","tag-actu","tag-actualites","tag-eu","tag-europe","tag-fr","tag-france","tag-nantes","tag-news","tag-pays-de-la-loire","tag-previsions-meteo","tag-republique-francaise"],"share_on_mastodon":{"url":"https:\/\/pubeurope.com\/@fr\/117204312789072164","error":""},"_links":{"self":[{"href":"https:\/\/www.europesays.com\/fr\/wp-json\/wp\/v2\/posts\/1164022","targetHints":{"allow":["GET"]}}],"collection":[{"href":"https:\/\/www.europesays.com\/fr\/wp-json\/wp\/v2\/posts"}],"about":[{"href":"https:\/\/www.europesays.com\/fr\/wp-json\/wp\/v2\/types\/post"}],"author":[{"embeddable":true,"href":"https:\/\/www.europesays.com\/fr\/wp-json\/wp\/v2\/users\/2"}],"replies":[{"embeddable":true,"href":"https:\/\/www.europesays.com\/fr\/wp-json\/wp\/v2\/comments?post=1164022"}],"version-history":[{"count":0,"href":"https:\/\/www.europesays.com\/fr\/wp-json\/wp\/v2\/posts\/1164022\/revisions"}],"wp:featuredmedia":[{"embeddable":true,"href":"https:\/\/www.europesays.com\/fr\/wp-json\/wp\/v2\/media\/1164023"}],"wp:attachment":[{"href":"https:\/\/www.europesays.com\/fr\/wp-json\/wp\/v2\/media?parent=1164022"}],"wp:term":[{"taxonomy":"category","embeddable":true,"href":"https:\/\/www.europesays.com\/fr\/wp-json\/wp\/v2\/categories?post=1164022"},{"taxonomy":"post_tag","embeddable":true,"href":"https:\/\/www.europesays.com\/fr\/wp-json\/wp\/v2\/tags?post=1164022"}],"curies":[{"name":"wp","href":"https:\/\/api.w.org\/{rel}","templated":true}]}}